{"id":410793,"date":"2016-07-14T20:47:41","date_gmt":"2016-07-15T01:47:41","guid":{"rendered":"http:\/\/www.futboltotal.com.mx\/?p=410793"},"modified":"2016-07-14T20:47:41","modified_gmt":"2016-07-15T01:47:41","slug":"tri-estaria-en-medio-amano-mundialista","status":"publish","type":"post","link":"http:\/\/desarrollo.grupomedios.com\/futbol\/futbol-mexicano\/tri-estaria-en-medio-amano-mundialista\/2016\/07","title":{"rendered":"Tri estar\u00eda en medio de ama\u00f1o Mundialista"},"content":{"rendered":"<p>El ex directivo de la <strong>FIFA<\/strong>, Benny Alon, denunci\u00f3 que en diversas ocasiones ama\u00f1\u00f3 los sorteos que realiza el m\u00e1ximo organismo del futbol, siendo que en uno de los casos aparece la <a href=\"http:\/\/www.futboltotal.com.mx\/futbol-mexicano\/seleccion-mexicana\/\" target=\"_blank\"><strong>Selecci\u00f3n Mexicana<\/strong><\/a>.<\/p>\n<p>Confes\u00f3 que durante la edici\u00f3n del Mundial de 1994 en Estados Unidos, le exigieron que el <em>Tri<\/em> disputara sus duelos en una ciudad en especifico: &#8220;Un d\u00eda antes del sorteo estaba con los organizadores, que me confirmaban que hab\u00eda presi\u00f3n de M\u00e9xico para jugar en Orlando&#8221;.<\/p>\n<p><a href=\"http:\/\/www.futboltotal.com.mx\/wp-content\/uploads\/2016\/07\/seleccion-mexicana-amano-mundial-1994-2.jpg\"><img decoding=\"async\" loading=\"lazy\" class=\"alignnone size-full wp-image-410796\" src=\"http:\/\/www.futboltotal.com.mx\/wp-content\/uploads\/2016\/07\/seleccion-mexicana-amano-mundial-1994-2.jpg\" alt=\"seleccion-mexicana-amano-mundial-1994-2\" srcset=\"http:\/\/desarrollo.grupomedios.com\/futbol\/wp-content\/uploads\/2016\/07\/seleccion-mexicana-amano-mundial-1994-2.jpg 858w, http:\/\/desarrollo.grupomedios.com\/futbol\/wp-content\/uploads\/2016\/07\/seleccion-mexicana-amano-mundial-1994-2-300x151.jpg 300w, http:\/\/desarrollo.grupomedios.com\/futbol\/wp-content\/uploads\/2016\/07\/seleccion-mexicana-amano-mundial-1994-2-768x386.jpg 768w, http:\/\/desarrollo.grupomedios.com\/futbol\/wp-content\/uploads\/2016\/07\/seleccion-mexicana-amano-mundial-1994-2-340x171.jpg 340w\" sizes=\"(max-width: 858px) 100vw, 858px\" \/><\/a><\/p>\n<p>Alon asegur\u00f3 en entrevista con el diario<em> Estado de Sao Paulo<\/em>, que dicha presi\u00f3n se deb\u00eda que en \u00e9sa entidad se reun\u00eda gran n\u00famero de mexicanos que aseguraban llenar el recinto y por eso el combinado nacional termin\u00f3 en el Grupo E, aunque desconoce c\u00f3mo arreglaron para que el resultado se diera.<\/p>\n<p>&#8220;No s\u00e9 c\u00f3mo lo hicieron, pero la realidad es que a M\u00e9xico le toc\u00f3 jugar en Orlando&#8221;, asever\u00f3 al tiempo de indicar que Joseph Blatter era quien daba el visto bueno.<\/p>\n<p><span style=\"color: #ff0000;\"><strong>VIDEO<\/strong>: Agenda de TV de la jornada 1<\/span><\/p>\n<p>[video_player]https:\/\/player.vimeo.com\/external\/174419446.sd.mp4?s=5b1f13b09a7ea2b7944eded0922eee84e3b55834&amp;profile_id=165[\/video_player]<\/p>\n","protected":false},"excerpt":{"rendered":"<p>Un ex directivo de la FIFA confes\u00f3 el caso de corrupci\u00f3n<\/p>\n","protected":false},"author":20,"featured_media":410797,"comment_status":"closed","ping_status":"closed","sticky":false,"template":"","format":"standard","meta":[],"categories":[2198,3847],"tags":[5979],"_links":{"self":[{"href":"http:\/\/desarrollo.grupomedios.com\/futbol\/wp-json\/wp\/v2\/posts\/410793"}],"collection":[{"href":"http:\/\/desarrollo.grupomedios.com\/futbol\/wp-json\/wp\/v2\/posts"}],"about":[{"href":"http:\/\/desarrollo.grupomedios.com\/futbol\/wp-json\/wp\/v2\/types\/post"}],"author":[{"embeddable":true,"href":"http:\/\/desarrollo.grupomedios.com\/futbol\/wp-json\/wp\/v2\/users\/20"}],"replies":[{"embeddable":true,"href":"http:\/\/desarrollo.grupomedios.com\/futbol\/wp-json\/wp\/v2\/comments?post=410793"}],"version-history":[{"count":0,"href":"http:\/\/desarrollo.grupomedios.com\/futbol\/wp-json\/wp\/v2\/posts\/410793\/revisions"}],"wp:featuredmedia":[{"embeddable":true,"href":"http:\/\/desarrollo.grupomedios.com\/futbol\/wp-json\/wp\/v2\/media\/410797"}],"wp:attachment":[{"href":"http:\/\/desarrollo.grupomedios.com\/futbol\/wp-json\/wp\/v2\/media?parent=410793"}],"wp:term":[{"taxonomy":"category","embeddable":true,"href":"http:\/\/desarrollo.grupomedios.com\/futbol\/wp-json\/wp\/v2\/categories?post=410793"},{"taxonomy":"post_tag","embeddable":true,"href":"http:\/\/desarrollo.grupomedios.com\/futbol\/wp-json\/wp\/v2\/tags?post=410793"}],"curies":[{"name":"wp","href":"https:\/\/api.w.org\/{rel}","templated":true}]}}