{"id":410805,"date":"2016-07-16T18:38:25","date_gmt":"2016-07-16T23:38:25","guid":{"rendered":"http:\/\/www.futboltotal.com.mx\/?p=410805"},"modified":"2016-07-16T20:54:44","modified_gmt":"2016-07-17T01:54:44","slug":"en-vivo-monterrey-vs-puebla-liga-mx-2","status":"publish","type":"post","link":"http:\/\/desarrollo.grupomedios.com\/futbol\/futbol-mexicano\/en-vivo-monterrey-vs-puebla-liga-mx-2\/2016\/07","title":{"rendered":"AS\u00cd SE VIVI\u00d3 | Monterrey 1-1 Puebla | Liga MX"},"content":{"rendered":"<p><a class=\"twitter-timeline\" href=\"https:\/\/twitter.com\/search?q=from%3Arayados%2C%20OR%20from%3Apueblafc\" data-widget-id=\"754464976874508288\">Tweets sobre from:rayados, OR from:pueblafc<\/a><br \/>\n<script>\/\/ <![CDATA[\n!function(d,s,id){var js,fjs=d.getElementsByTagName(s)[0],p=\/^http:\/.test(d.location)?'http':'https';if(!d.getElementById(id)){js=d.createElement(s);js.id=id;js.src=p+\":\/\/platform.twitter.com\/widgets.js\";fjs.parentNode.insertBefore(js,fjs);}}(document,\"script\",\"twitter-wjs\");\n\/\/ ]]><\/script><\/p>\n<p>A partir de las 19:00 horas, el BBVA ser\u00e1 testigo del <strong><a href=\"http:\/\/futboltotal.com.mx\/equipos\/monterrey\/\" target=\"_blank\">Monterrey<\/a> vs. <a href=\"http:\/\/futboltotal.com.mx\/equipos\/puebla\/\" target=\"_blank\">Puebla<\/a><\/strong>, el primer encuentro del actual subcampe\u00f3n de la Liga MX, quien busca volver a pelear por el t\u00edtulo, luego de que se le fuera arrebatado, en las \u00faltimos suspiros de la gran final, en su propia casa.<\/p>\n<p><strong>Monterrey<\/strong> decidi\u00f3 apostar por m\u00e1s extranjeros, aprovechando la nueva regla de la Liga MX, que no pone limites a los equipos para enlistar a for\u00e1neos en sus plantillas; sin embargo, tendr\u00e1 una baja considerable en el ataque, ya que Dorlan Pab\u00f3n, acudir\u00e1 a los Juegos Ol\u00edmpicos con Colombia.<\/p>\n<p>Esa ser\u00e1 la oportunidad, para que Aldo de Nigris haga dupla con el delantero argentino, Rogelio Funes Mori, quien planea robarle a Gignac, el cetro de campe\u00f3n de goleo de la Liga MX. Pero esa dupla tendr\u00e1 que estar activa desde el principio, pues con el regreso de Dorlan Pab\u00f3n, se volver\u00e1 a cambiar el planteamiento, a menos claro, que hagan una exxtraordinaria pareja.<\/p>\n<p>Por su parte <strong>Puebla<\/strong>, tendr\u00e1 un arranque del que a\u00fan se duda, ya que su nuevo estratega, Ricardo Vali\u00f1o, no posee experiencia en el M\u00e1ximo Circuito; sin embargo, llen\u00f3 el ojo de la directiva de la <em>Franja<\/em>, quien vio con buenos ojos, la labor del director t\u00e9cnico, en Lobos BUAP.<\/p>\n<p><strong>Monterrey vs. Puebla<\/strong>, \u00bfqui\u00e9n ganar\u00e1, <em>cracks<\/em>?<\/p>\n","protected":false},"excerpt":{"rendered":"<p>Los Rayados quieren revancha en este torneo<\/p>\n","protected":false},"author":20,"featured_media":411104,"comment_status":"closed","ping_status":"closed","sticky":false,"template":"","format":"standard","meta":[],"categories":[2198,3845],"tags":[5966,5969],"_links":{"self":[{"href":"http:\/\/desarrollo.grupomedios.com\/futbol\/wp-json\/wp\/v2\/posts\/410805"}],"collection":[{"href":"http:\/\/desarrollo.grupomedios.com\/futbol\/wp-json\/wp\/v2\/posts"}],"about":[{"href":"http:\/\/desarrollo.grupomedios.com\/futbol\/wp-json\/wp\/v2\/types\/post"}],"author":[{"embeddable":true,"href":"http:\/\/desarrollo.grupomedios.com\/futbol\/wp-json\/wp\/v2\/users\/20"}],"replies":[{"embeddable":true,"href":"http:\/\/desarrollo.grupomedios.com\/futbol\/wp-json\/wp\/v2\/comments?post=410805"}],"version-history":[{"count":0,"href":"http:\/\/desarrollo.grupomedios.com\/futbol\/wp-json\/wp\/v2\/posts\/410805\/revisions"}],"wp:featuredmedia":[{"embeddable":true,"href":"http:\/\/desarrollo.grupomedios.com\/futbol\/wp-json\/wp\/v2\/media\/411104"}],"wp:attachment":[{"href":"http:\/\/desarrollo.grupomedios.com\/futbol\/wp-json\/wp\/v2\/media?parent=410805"}],"wp:term":[{"taxonomy":"category","embeddable":true,"href":"http:\/\/desarrollo.grupomedios.com\/futbol\/wp-json\/wp\/v2\/categories?post=410805"},{"taxonomy":"post_tag","embeddable":true,"href":"http:\/\/desarrollo.grupomedios.com\/futbol\/wp-json\/wp\/v2\/tags?post=410805"}],"curies":[{"name":"wp","href":"https:\/\/api.w.org\/{rel}","templated":true}]}}