{"id":410808,"date":"2016-07-16T18:37:08","date_gmt":"2016-07-16T23:37:08","guid":{"rendered":"http:\/\/www.futboltotal.com.mx\/?p=410808"},"modified":"2016-07-16T20:55:06","modified_gmt":"2016-07-17T01:55:06","slug":"en-vivo-atlas-vs-toluca-liga-mx","status":"publish","type":"post","link":"http:\/\/desarrollo.grupomedios.com\/futbol\/futbol-mexicano\/en-vivo-atlas-vs-toluca-liga-mx\/2016\/07","title":{"rendered":"AS\u00cd SE VIVI\u00d3 | Atlas 1-1 Toluca | Liga MX"},"content":{"rendered":"<p><a class=\"twitter-timeline\" href=\"https:\/\/twitter.com\/search?q=from%3Aatlasfc%2C%20OR%20from%3Atolucafc\" data-widget-id=\"754464024834609152\">Tweets sobre from:atlasfc, OR from:tolucafc<\/a><br \/>\n<script>\/\/ <![CDATA[\n!function(d,s,id){var js,fjs=d.getElementsByTagName(s)[0],p=\/^http:\/.test(d.location)?'http':'https';if(!d.getElementById(id)){js=d.createElement(s);js.id=id;js.src=p+\":\/\/platform.twitter.com\/widgets.js\";fjs.parentNode.insertBefore(js,fjs);}}(document,\"script\",\"twitter-wjs\");\n\/\/ ]]><\/script><\/p>\n<p>El estadio Jalisco tendr\u00e1 nuevo horario para los juegos de local de los <em>rojinegros<\/em>, y el <strong><a href=\"http:\/\/futboltotal.com.mx\/equipos\/atlas\/\" target=\"_blank\">Atlas<\/a> vs. <a href=\"http:\/\/futboltotal.com.mx\/equipos\/toluca\/\" target=\"_blank\">Toluca<\/a><\/strong> de esta jornada 1 ser\u00e1 el primer duelo en donde experimentar\u00e1n el cambio. La afici\u00f3n m\u00e1s fiel del futbol mexicano sin duda ir\u00e1 a apoyar el primer duelo de su equipo, frente a unos <em>Diablos<\/em> que prometen mucho.<\/p>\n<p>Mientras todo el mundo habla del centenario del Am\u00e9rica, pocos voltean a ver al otro club de la Liga MX que est\u00e1 cerca de cumplir su primer siglo de vida: el <strong>Atlas<\/strong>, quien busca hacer un torneo hist\u00f3rico, de la mano de su nuevo entrenador, Jos\u00e9 Guadalupe Cruz, y del capit\u00e1n del equipo, Rafael M\u00e1rquez \u00c1lvarez.<\/p>\n<p>Por su parte el <strong>Toluca<\/strong>, quiere arrancar de la mejor manera el Apertura 2016, tambi\u00e9n cuenta con nuevo estratega pero sin la misma experiencia que su rival, as\u00ed que Hern\u00e1n Cristante tendr\u00e1 su primer examen, en su camino por conseguir lo que su antecesor y tambi\u00e9n hist\u00f3rico ex jugador de los <em>Diablos<\/em>, Jos\u00e9 Cardozo.<\/p>\n<p>La \u00faltima vez que Rafael M\u00e1rquez y Hern\u00e1n Cristante se vieron las caras en el estadio Jalisco, fue en el juego de ida de la final entre <strong>Atlas<\/strong> y <strong>Toluca<\/strong>, del Verano de 1999, la \u00faltima final del cuadro rojinegro en la Liga MX.<\/p>\n<p><strong>Atlas vs. Toluca<\/strong>, \u00bfqui\u00e9n ganar\u00e1, <em>cracks<\/em>?<\/p>\n","protected":false},"excerpt":{"rendered":"<p>Los rojinegros quieren sorprender<\/p>\n","protected":false},"author":20,"featured_media":411125,"comment_status":"closed","ping_status":"closed","sticky":false,"template":"","format":"standard","meta":[],"categories":[2198,3845],"tags":[5961,5975],"_links":{"self":[{"href":"http:\/\/desarrollo.grupomedios.com\/futbol\/wp-json\/wp\/v2\/posts\/410808"}],"collection":[{"href":"http:\/\/desarrollo.grupomedios.com\/futbol\/wp-json\/wp\/v2\/posts"}],"about":[{"href":"http:\/\/desarrollo.grupomedios.com\/futbol\/wp-json\/wp\/v2\/types\/post"}],"author":[{"embeddable":true,"href":"http:\/\/desarrollo.grupomedios.com\/futbol\/wp-json\/wp\/v2\/users\/20"}],"replies":[{"embeddable":true,"href":"http:\/\/desarrollo.grupomedios.com\/futbol\/wp-json\/wp\/v2\/comments?post=410808"}],"version-history":[{"count":0,"href":"http:\/\/desarrollo.grupomedios.com\/futbol\/wp-json\/wp\/v2\/posts\/410808\/revisions"}],"wp:featuredmedia":[{"embeddable":true,"href":"http:\/\/desarrollo.grupomedios.com\/futbol\/wp-json\/wp\/v2\/media\/411125"}],"wp:attachment":[{"href":"http:\/\/desarrollo.grupomedios.com\/futbol\/wp-json\/wp\/v2\/media?parent=410808"}],"wp:term":[{"taxonomy":"category","embeddable":true,"href":"http:\/\/desarrollo.grupomedios.com\/futbol\/wp-json\/wp\/v2\/categories?post=410808"},{"taxonomy":"post_tag","embeddable":true,"href":"http:\/\/desarrollo.grupomedios.com\/futbol\/wp-json\/wp\/v2\/tags?post=410808"}],"curies":[{"name":"wp","href":"https:\/\/api.w.org\/{rel}","templated":true}]}}