{"id":410814,"date":"2016-07-15T07:55:43","date_gmt":"2016-07-15T12:55:43","guid":{"rendered":"http:\/\/www.futboltotal.com.mx\/?p=410814"},"modified":"2016-07-15T10:01:03","modified_gmt":"2016-07-15T15:01:03","slug":"la-conversacion-la-tv-deportiva","status":"publish","type":"post","link":"http:\/\/desarrollo.grupomedios.com\/futbol\/cambio-de-juego\/la-conversacion-la-tv-deportiva\/2016\/07","title":{"rendered":"La conversaci\u00f3n de la TV deportiva"},"content":{"rendered":"<p>El Apertura 2016 por fin dar\u00e1 inicio y por ello, no s\u00f3lo los equipos de la Liga MX se dicen listos para participar, sino las televisoras, quienes se encargar\u00e1n de transmitir los partidos del torneo. Por eso en <strong>Futbol Total<\/strong>, simulamos la que podr\u00eda ser, la <strong>conversaci\u00f3n en whatsapp<\/strong>, de los comentaristas y otros protagonistas de la <strong>TV deportiva<\/strong>, para el arranque del certamen nacional.<\/p>\n<p style=\"text-align: center;\"><span style=\"color: #3366ff;\"><a style=\"color: #3366ff;\" href=\"http:\/\/www.futboltotal.com.mx\/2016\/07\/la-conversacion-arranque-del-apertura-2016\/\" target=\"_blank\"><strong>LEER M\u00c1S: La conversaci\u00f3n de los t\u00e9cnicos previo al Apertura 2016<\/strong><\/a><\/span><\/p>\n<p><script src=\"\/\/cdn.playbuzz.com\/widget\/feed.js\" type=\"text\/javascript\"><\/script><\/p>\n<div class=\"pb_feed\" data-embed-by=\"d43f3879-83ed-40bc-99d7-fde80605466f\" data-game=\"\/futboltotal\/la-conversaci-n-de-la-tv-deportiva\" data-recommend=\"false\" data-game-info=\"false\" data-comments=\"false\"><\/div>\n<p><span style=\"color: #ff0000;\">VIDEO: La Agenda de TV para la jornada 1<\/span><\/p>\n<p>[video_player]https:\/\/player.vimeo.com\/external\/174419446.hd.mp4?s=0c8136764cd6be43b8b2d503837f73c033deb50b&amp;profile_id=174[\/video_player]<\/p>\n","protected":false},"excerpt":{"rendered":"<p>As\u00ed se preparan los comentaristas para el Apertura 2016<\/p>\n","protected":false},"author":20,"featured_media":410815,"comment_status":"closed","ping_status":"closed","sticky":false,"template":"","format":"standard","meta":[],"categories":[5419,7025],"tags":[5460,5448,1490,7258,4722,4665],"_links":{"self":[{"href":"http:\/\/desarrollo.grupomedios.com\/futbol\/wp-json\/wp\/v2\/posts\/410814"}],"collection":[{"href":"http:\/\/desarrollo.grupomedios.com\/futbol\/wp-json\/wp\/v2\/posts"}],"about":[{"href":"http:\/\/desarrollo.grupomedios.com\/futbol\/wp-json\/wp\/v2\/types\/post"}],"author":[{"embeddable":true,"href":"http:\/\/desarrollo.grupomedios.com\/futbol\/wp-json\/wp\/v2\/users\/20"}],"replies":[{"embeddable":true,"href":"http:\/\/desarrollo.grupomedios.com\/futbol\/wp-json\/wp\/v2\/comments?post=410814"}],"version-history":[{"count":0,"href":"http:\/\/desarrollo.grupomedios.com\/futbol\/wp-json\/wp\/v2\/posts\/410814\/revisions"}],"wp:featuredmedia":[{"embeddable":true,"href":"http:\/\/desarrollo.grupomedios.com\/futbol\/wp-json\/wp\/v2\/media\/410815"}],"wp:attachment":[{"href":"http:\/\/desarrollo.grupomedios.com\/futbol\/wp-json\/wp\/v2\/media?parent=410814"}],"wp:term":[{"taxonomy":"category","embeddable":true,"href":"http:\/\/desarrollo.grupomedios.com\/futbol\/wp-json\/wp\/v2\/categories?post=410814"},{"taxonomy":"post_tag","embeddable":true,"href":"http:\/\/desarrollo.grupomedios.com\/futbol\/wp-json\/wp\/v2\/tags?post=410814"}],"curies":[{"name":"wp","href":"https:\/\/api.w.org\/{rel}","templated":true}]}}