{"id":410881,"date":"2016-07-15T15:55:28","date_gmt":"2016-07-15T20:55:28","guid":{"rendered":"http:\/\/www.futboltotal.com.mx\/?p=410881"},"modified":"2016-07-16T16:29:29","modified_gmt":"2016-07-16T21:29:29","slug":"cruz-azul-ayuda-campeones","status":"publish","type":"post","link":"http:\/\/desarrollo.grupomedios.com\/futbol\/videos\/cruz-azul-ayuda-campeones\/2016\/07","title":{"rendered":"Cruz Azul, con ayuda de campeones"},"content":{"rendered":"<p>En este\u00a0<a href=\"http:\/\/www.futboltotal.com.mx\/futbol-mexicano\/\"><strong>Apertura 2016<\/strong><\/a>, <span style=\"color: #ff0000;\"><a style=\"color: #ff0000;\" href=\"http:\/\/futboltotal.com.mx\/equipos\/cruz-azul\/\">Cruz Azul<\/a><\/span> estar\u00eda por cumplir 19 a\u00f1os sin t\u00edtulo, por lo que para esta nueva campa\u00f1a de Liga MX, <em>La M\u00e1quina<\/em> apost\u00f3 por realizar contrataciones puntuales en cada una de las l\u00edneas del equipo y as\u00ed, con los jugadores elegidos por Tom\u00e1s Boy, buscar el t\u00edtulo que tanto se le ha negado tanto a \u00e9l como al equipo.<\/p>\n<p>Para ello, los <em>cementeros<\/em> trajeron a dos jugadores que est\u00e1n teniendo mucho \u00e9xito con su selecci\u00f3n: los chilenos Enzo Roco y Francisco Silva, que vienen de levantar el trofeo de la Copa Am\u00e9rica 2015 y la Centenario este 2016.<\/p>\n<p style=\"text-align: center;\"><span style=\"color: #3366ff;\">LEER M\u00c1S:\u00a0<a style=\"color: #3366ff;\" href=\"http:\/\/www.futboltotal.com.mx\/2016\/07\/fifa-presenta-calendario-del-mundial-clubes\/\">FIFA presenta calendario del Mundial de Clubes<\/a><\/span><\/p>\n<p>[video_player]https:\/\/player.vimeo.com\/external\/174842909.hd.mp4?s=8e4d4dc9d88ee413817c6f017596aad78b93970a&amp;profile_id=174[\/video_player]<\/p>\n<p>Adem\u00e1s de los chilenos, <strong>Cruz Azul<\/strong> tambi\u00e9n se reforz\u00f3 con los argentinos Jonathan Cristaldo y Jul\u00edan Vel\u00e1zquez, el primero un delantero proveniente del Palmeiras brasile\u00f1o y el segundo del Palermo de Italia. Con ellos y el mexicano Adri\u00e1n Aldrete, que jugar\u00e1 por la banda izquierda, el\u00a0<em>Jefe\u00a0<\/em>Boy no tendr\u00e1 pretexto para intentar llegar lo m\u00e1s lejos en el <strong>Apertura 2016<\/strong>, pues el equipo lo hizo como \u00e9l lo necesit\u00f3.<\/p>\n<p>&#8220;El equipo ha presentado un nuevo proyecto que est\u00e1 avanzado bastante bien y tiene que ver con una nueva generaci\u00f3n de jugadores, sobre todo en la zona defensiva, que nuestro equipo no trabaj\u00f3 a la altura de las circunstancias y rejuvenecerlo un poco. Vienen\u00a0jugadores importantes, seleccionados nacionales, de Chile&#8221;, comenta Tom\u00e1s Boy.<\/p>\n","protected":false},"excerpt":{"rendered":"<p>La M\u00e1quina buscar\u00e1 romper la sequ\u00eda de t\u00edtulos<\/p>\n","protected":false},"author":20,"featured_media":410886,"comment_status":"closed","ping_status":"closed","sticky":false,"template":"","format":"standard","meta":[],"categories":[5,2198,3845,4],"tags":[64],"_links":{"self":[{"href":"http:\/\/desarrollo.grupomedios.com\/futbol\/wp-json\/wp\/v2\/posts\/410881"}],"collection":[{"href":"http:\/\/desarrollo.grupomedios.com\/futbol\/wp-json\/wp\/v2\/posts"}],"about":[{"href":"http:\/\/desarrollo.grupomedios.com\/futbol\/wp-json\/wp\/v2\/types\/post"}],"author":[{"embeddable":true,"href":"http:\/\/desarrollo.grupomedios.com\/futbol\/wp-json\/wp\/v2\/users\/20"}],"replies":[{"embeddable":true,"href":"http:\/\/desarrollo.grupomedios.com\/futbol\/wp-json\/wp\/v2\/comments?post=410881"}],"version-history":[{"count":0,"href":"http:\/\/desarrollo.grupomedios.com\/futbol\/wp-json\/wp\/v2\/posts\/410881\/revisions"}],"wp:featuredmedia":[{"embeddable":true,"href":"http:\/\/desarrollo.grupomedios.com\/futbol\/wp-json\/wp\/v2\/media\/410886"}],"wp:attachment":[{"href":"http:\/\/desarrollo.grupomedios.com\/futbol\/wp-json\/wp\/v2\/media?parent=410881"}],"wp:term":[{"taxonomy":"category","embeddable":true,"href":"http:\/\/desarrollo.grupomedios.com\/futbol\/wp-json\/wp\/v2\/categories?post=410881"},{"taxonomy":"post_tag","embeddable":true,"href":"http:\/\/desarrollo.grupomedios.com\/futbol\/wp-json\/wp\/v2\/tags?post=410881"}],"curies":[{"name":"wp","href":"https:\/\/api.w.org\/{rel}","templated":true}]}}