{"id":410889,"date":"2016-07-15T16:49:26","date_gmt":"2016-07-15T21:49:26","guid":{"rendered":"http:\/\/www.futboltotal.com.mx\/?p=410889"},"modified":"2016-07-15T16:51:18","modified_gmt":"2016-07-15T21:51:18","slug":"la-quiniela-ft-la-jornada-1","status":"publish","type":"post","link":"http:\/\/desarrollo.grupomedios.com\/futbol\/futbol-mexicano\/la-quiniela-ft-la-jornada-1\/2016\/07","title":{"rendered":"La quiniela FT de la jornada 1"},"content":{"rendered":"<p>La espera termin\u00f3, por fin la <a href=\"http:\/\/www.futboltotal.com.mx\/futbol-mexicano\/\" target=\"_blank\"><strong>Liga MX<\/strong><\/a> regresa con todas sus emociones, ahora en el <strong>Apertura 2016<\/strong>, el cual promete ser un torneo que se quede en la memoria de la afici\u00f3n. Con la <strong>jornada 1<\/strong> en puerta, expertos del tema colaboraron con <strong>Futbol Total<\/strong> para definir la quiniela de esta semana, \u00bfqui\u00e9n tendr\u00e1 m\u00e1s aciertos?<\/p>\n<p><a href=\"http:\/\/www.futboltotal.com.mx\/wp-content\/uploads\/2016\/07\/quiniela-jornada-1-apertura-2016-liga-mx.jpg\"><img decoding=\"async\" loading=\"lazy\" class=\"alignnone size-full wp-image-410890\" src=\"http:\/\/www.futboltotal.com.mx\/wp-content\/uploads\/2016\/07\/quiniela-jornada-1-apertura-2016-liga-mx.jpg\" alt=\"quiniela-jornada-1-apertura-2016-liga-mx\" srcset=\"http:\/\/desarrollo.grupomedios.com\/futbol\/wp-content\/uploads\/2016\/07\/quiniela-jornada-1-apertura-2016-liga-mx.jpg 858w, http:\/\/desarrollo.grupomedios.com\/futbol\/wp-content\/uploads\/2016\/07\/quiniela-jornada-1-apertura-2016-liga-mx-224x300.jpg 224w, http:\/\/desarrollo.grupomedios.com\/futbol\/wp-content\/uploads\/2016\/07\/quiniela-jornada-1-apertura-2016-liga-mx-768x1029.jpg 768w, http:\/\/desarrollo.grupomedios.com\/futbol\/wp-content\/uploads\/2016\/07\/quiniela-jornada-1-apertura-2016-liga-mx-764x1024.jpg 764w\" sizes=\"(max-width: 858px) 100vw, 858px\" \/><\/a><\/p>\n<p style=\"text-align: center;\"><span style=\"color: #3366ff;\">LEER M\u00c1S:\u00a0<a style=\"color: #3366ff;\" href=\"http:\/\/www.futboltotal.com.mx\/2016\/07\/los-pronosticos-del-apertura-2016\/\">Los pron\u00f3sticos del Apertura 2016<\/a><\/span><\/p>\n<p>Antonio<strong> Rosique-<\/strong>\u00a0<a href=\"https:\/\/twitter.com\/Antonio_Rosique\">@Antonio_Rosique<\/a><\/p>\n<p><strong>Werever Tumorro-<\/strong>\u00a0<a href=\"https:\/\/twitter.com\/werevertumorro\">@werevertumorro<\/a><\/p>\n<p><strong>Isra-<\/strong>\u00a0<a href=\"https:\/\/twitter.com\/tomametenoch\">@tomametenoch<\/a><\/p>\n<p><strong>Jimena S\u00e1nchez-<\/strong>\u00a0<a href=\"https:\/\/twitter.com\/jimenaofficial\">@jimenaofficial<\/a><\/p>\n<p><strong>Bullying Futbolero-<\/strong>\u00a0<a href=\"https:\/\/twitter.com\/BullyingFutbol\">@Bullyingfutbol<\/a><\/p>\n<p><strong>Agenda Fox Sports-<\/strong> <a href=\"https:\/\/twitter.com\/AgendaFOXSports\" target=\"_blank\">@AgendaFOXSports<\/a><\/p>\n<p><strong>Futbol Total-<\/strong> <a href=\"https:\/\/twitter.com\/futboltotal\" target=\"_blank\">@FutbolTotal<\/a><\/p>\n<p>&nbsp;<\/p>\n","protected":false},"excerpt":{"rendered":"<p>\u00bfQui\u00e9n tendr\u00e1s m\u00e1s aciertos en el arranque del Apertura 2016? <\/p>\n","protected":false},"author":20,"featured_media":410894,"comment_status":"closed","ping_status":"closed","sticky":false,"template":"","format":"standard","meta":[],"categories":[2198,3845,5950],"tags":[6927,64],"_links":{"self":[{"href":"http:\/\/desarrollo.grupomedios.com\/futbol\/wp-json\/wp\/v2\/posts\/410889"}],"collection":[{"href":"http:\/\/desarrollo.grupomedios.com\/futbol\/wp-json\/wp\/v2\/posts"}],"about":[{"href":"http:\/\/desarrollo.grupomedios.com\/futbol\/wp-json\/wp\/v2\/types\/post"}],"author":[{"embeddable":true,"href":"http:\/\/desarrollo.grupomedios.com\/futbol\/wp-json\/wp\/v2\/users\/20"}],"replies":[{"embeddable":true,"href":"http:\/\/desarrollo.grupomedios.com\/futbol\/wp-json\/wp\/v2\/comments?post=410889"}],"version-history":[{"count":0,"href":"http:\/\/desarrollo.grupomedios.com\/futbol\/wp-json\/wp\/v2\/posts\/410889\/revisions"}],"wp:featuredmedia":[{"embeddable":true,"href":"http:\/\/desarrollo.grupomedios.com\/futbol\/wp-json\/wp\/v2\/media\/410894"}],"wp:attachment":[{"href":"http:\/\/desarrollo.grupomedios.com\/futbol\/wp-json\/wp\/v2\/media?parent=410889"}],"wp:term":[{"taxonomy":"category","embeddable":true,"href":"http:\/\/desarrollo.grupomedios.com\/futbol\/wp-json\/wp\/v2\/categories?post=410889"},{"taxonomy":"post_tag","embeddable":true,"href":"http:\/\/desarrollo.grupomedios.com\/futbol\/wp-json\/wp\/v2\/tags?post=410889"}],"curies":[{"name":"wp","href":"https:\/\/api.w.org\/{rel}","templated":true}]}}