{"id":410914,"date":"2016-07-15T18:28:24","date_gmt":"2016-07-15T23:28:24","guid":{"rendered":"http:\/\/www.futboltotal.com.mx\/?p=410914"},"modified":"2016-07-15T18:28:24","modified_gmt":"2016-07-15T23:28:24","slug":"chivas-tv-ayudara-a-los-mexicanos","status":"publish","type":"post","link":"http:\/\/desarrollo.grupomedios.com\/futbol\/futbol-mexicano\/chivas-tv-ayudara-a-los-mexicanos\/2016\/07","title":{"rendered":"Chivas TV ayudar\u00e1 a los mexicanos"},"content":{"rendered":"<p>El due\u00f1o del Guadalajara, <strong>Jorge Vergara<\/strong>, busca llevar internet a las regiones m\u00e1s pobres de M\u00e9xico para lograr una mayor penetraci\u00f3n de su servicio de televisi\u00f3n por pago <strong>Chivas TV<\/strong>.<\/p>\n<p>En entrevista con<em> EFE<\/em>, el empresario\u00a0afirm\u00f3 que con ello se busca revertir las cr\u00edticas que se\u00f1alan que las <strong>Chivas<\/strong>, uno de los equipos m\u00e1s populares del pa\u00eds, s\u00f3lo podr\u00e1n ser vistas por quienes m\u00e1s dinero tienen.<\/p>\n<p>&#8220;Es una leyenda urbana que la gente sin recursos no va a poder (ver los partidos)&#8221;, dijo el empresario en su oficina situada en la zona metropolitana de Guadalajara.<\/p>\n<blockquote class=\"twitter-tweet\" data-lang=\"es\">\n<p dir=\"ltr\" lang=\"es\"> &#8220;Volverme un referente del equipo.&#8221;- <a href=\"https:\/\/twitter.com\/eduardochof19\">@eduardochof19<\/a> habla de sus objetivos para el AP16 <a href=\"https:\/\/t.co\/cBrkD2j7TT\">https:\/\/t.co\/cBrkD2j7TT<\/a> <a href=\"https:\/\/t.co\/cES4swdtR5\">pic.twitter.com\/cES4swdtR5<\/a><\/p>\n<p>\u2014 CHIVAS (@Chivas) <a href=\"https:\/\/twitter.com\/Chivas\/status\/754086902400102401\">15 de julio de 2016<\/a><\/p><\/blockquote>\n<p><script src=\"\/\/platform.twitter.com\/widgets.js\" async=\"\" charset=\"utf-8\"><\/script><\/p>\n<p>La creaci\u00f3n de una TV propia del club, fue rechazada por parte de la afici\u00f3n en las redes sociales y los especialistas criticaron el servicio al considerar que se pierde la esencia de <strong>Chivas<\/strong> como el &#8220;equipo del pueblo&#8221;.<\/p>\n<p>Vergara rechaza estas cr\u00edticas, diciendo que el club no est\u00e1 obligado a dar nada gratis.<\/p>\n<p>&#8220;Ni somos partido pol\u00edtico, ni somos proselitismo ni tenemos recursos para regalar, esa es una realidad, y obviamente sin recursos no hay equipo y sin equipo no hay nada para el pueblo&#8221;, recalc\u00f3 el empresario, quien afirm\u00f3 que en las dos primeras semanas lograron la suscripci\u00f3n de 100 mil personas.<\/p>\n<p>Las cr\u00edticas pesaron tanto que la directiva tuvo que dar su brazo a torcer y anunci\u00f3 que mantendr\u00e1 vigentes los precios ofrecidos en una promoci\u00f3n inicial, de mil 999 pesos por el servicio anual y de 999 pesos por el semestral.<\/p>\n<blockquote class=\"twitter-tweet\" data-lang=\"es\"><p>\n\u00a1Chivabonado, ven por tu nuevo jersey! \u26bd\ufe0f <a href=\"https:\/\/twitter.com\/hashtag\/UnidosSomosCA3RONES?src=hash\">#UnidosSomosCA3RONES<\/a> <a href=\"https:\/\/t.co\/mTFD4nIB3d\">pic.twitter.com\/mTFD4nIB3d<\/a><\/p>\n<p>\u2014 CHIVAS (@Chivas) <a href=\"https:\/\/twitter.com\/Chivas\/status\/754047595035492352\">15 de julio de 2016<\/a>\n<\/p><\/blockquote>\n<p><script src=\"\/\/platform.twitter.com\/widgets.js\" async=\"\" charset=\"utf-8\"><\/script><\/p>\n<p>Esta decisi\u00f3n fue tomada &#8220;en honor a la gente que nos critica, para que est\u00e9 contenta y pueda ser asequible para ellos&#8221;, afirma <strong>Vergara<\/strong> con un tono sarc\u00e1stico.<\/p>\n<p>Pol\u00e9mico como de costumbre, <strong>Vergara<\/strong> asegura que la afici\u00f3n se adaptar\u00e1 a esta novedad como lo hizo cuando se construy\u00f3 el estadio de <strong>Chivas<\/strong> y como se acostumbr\u00f3 a los continuos cambios de direcci\u00f3n que el equipo ha tenido en los 14 a\u00f1os que lleva al frente de la presidencia del club.<\/p>\n<p><span style=\"color: #ff0000;\"><strong>VIDEO<\/strong>: Los 10 mejores refuerzos del Apertura 2016<\/span><br \/>\n[video_player]https:\/\/player.vimeo.com\/external\/174428608.sd.mp4?s=87d51c71eaeeccdcf288b4a2ca5f5712c93c5baa&amp;profile_id=165[\/video_player]<\/p>\n","protected":false},"excerpt":{"rendered":"<p>Vergara quiere llevar Internet a las zonas m\u00e1s pobres del pa\u00eds<\/p>\n","protected":false},"author":144,"featured_media":410915,"comment_status":"closed","ping_status":"closed","sticky":false,"template":"","format":"standard","meta":[],"categories":[2198,3845,5950],"tags":[70,243],"_links":{"self":[{"href":"http:\/\/desarrollo.grupomedios.com\/futbol\/wp-json\/wp\/v2\/posts\/410914"}],"collection":[{"href":"http:\/\/desarrollo.grupomedios.com\/futbol\/wp-json\/wp\/v2\/posts"}],"about":[{"href":"http:\/\/desarrollo.grupomedios.com\/futbol\/wp-json\/wp\/v2\/types\/post"}],"author":[{"embeddable":true,"href":"http:\/\/desarrollo.grupomedios.com\/futbol\/wp-json\/wp\/v2\/users\/144"}],"replies":[{"embeddable":true,"href":"http:\/\/desarrollo.grupomedios.com\/futbol\/wp-json\/wp\/v2\/comments?post=410914"}],"version-history":[{"count":0,"href":"http:\/\/desarrollo.grupomedios.com\/futbol\/wp-json\/wp\/v2\/posts\/410914\/revisions"}],"wp:featuredmedia":[{"embeddable":true,"href":"http:\/\/desarrollo.grupomedios.com\/futbol\/wp-json\/wp\/v2\/media\/410915"}],"wp:attachment":[{"href":"http:\/\/desarrollo.grupomedios.com\/futbol\/wp-json\/wp\/v2\/media?parent=410914"}],"wp:term":[{"taxonomy":"category","embeddable":true,"href":"http:\/\/desarrollo.grupomedios.com\/futbol\/wp-json\/wp\/v2\/categories?post=410914"},{"taxonomy":"post_tag","embeddable":true,"href":"http:\/\/desarrollo.grupomedios.com\/futbol\/wp-json\/wp\/v2\/tags?post=410914"}],"curies":[{"name":"wp","href":"https:\/\/api.w.org\/{rel}","templated":true}]}}