{"id":411000,"date":"2016-07-15T23:02:06","date_gmt":"2016-07-16T04:02:06","guid":{"rendered":"http:\/\/www.futboltotal.com.mx\/?p=411000"},"modified":"2016-07-15T23:05:45","modified_gmt":"2016-07-16T04:05:45","slug":"resultados-liga-mx-xolos-2-0-morelia","status":"publish","type":"post","link":"http:\/\/desarrollo.grupomedios.com\/futbol\/destacado-home\/resultados-liga-mx-xolos-2-0-morelia\/2016\/07","title":{"rendered":"Con toque cafetero, Xolos devora al Morelia"},"content":{"rendered":"<p>La fiesta de la Liga MX comenz\u00f3, si bien <a href=\"http:\/\/futboltotal.com.mx\/equipos\/tijuana\/\" target=\"_blank\"><strong>Xolos<\/strong><\/a> y <a href=\"http:\/\/futboltotal.com.mx\/equipos\/morelia\/\" target=\"_blank\"><strong>Morelia<\/strong><\/a> se negaron a dar un partido digno de la inauguraci\u00f3n, el <strong>Apertura 2016<\/strong> tuvo como protagonistas a los extranjeros, pues Dayro Moreno comand\u00f3 al Tijuana para vencer 2-0.<\/p>\n<p>Fiel a su estilo, el Estadio Caliente luci\u00f3 llen\u00f3 y con un ambiente lleno de alegr\u00edas, pero ambas escuadras salieron a no perder. La escasez de oportunidades frente al arco se arregl\u00f3 con el primer error arbitral del torneo cuando se marc\u00f3 un penal inexistente, mismo que capitaliz\u00f3 Moreno (45\u2019).<\/p>\n<p>Fue el mismo delantero colombiano que en el complemento del cotejo aprovech\u00f3 un pase del argentino Milton Caraglio para ampliar la ventaja (55\u2019). Pese a que <em>Monarcas<\/em> intent\u00f3 acortar distancia, las redes no se movieron m\u00e1s.<\/p>\n<div id=\"galleryW2k\" style=\"display:none;\"><img alt=\"\" src=\"http:\/\/desarrollo.grupomedios.com\/futbol\/wp-content\/uploads\/2016\/07\/xolos-vs-morelia-resultados-liga-mx-4.jpg\" data-image=\"http:\/\/desarrollo.grupomedios.com\/futbol\/wp-content\/uploads\/2016\/07\/xolos-vs-morelia-resultados-liga-mx-4.jpg\" data-description=\"xolos-vs-morelia-resultados-liga-mx-4\"><img alt=\"\" src=\"http:\/\/desarrollo.grupomedios.com\/futbol\/wp-content\/uploads\/2016\/07\/xolos-vs-morelia-resultados-liga-mx-1.jpg\" data-image=\"http:\/\/desarrollo.grupomedios.com\/futbol\/wp-content\/uploads\/2016\/07\/xolos-vs-morelia-resultados-liga-mx-1.jpg\" data-description=\"xolos-vs-morelia-resultados-liga-mx-1\"><img alt=\"\" src=\"http:\/\/desarrollo.grupomedios.com\/futbol\/wp-content\/uploads\/2016\/07\/xolos-vs-morelia-resultados-liga-mx-2.jpg\" data-image=\"http:\/\/desarrollo.grupomedios.com\/futbol\/wp-content\/uploads\/2016\/07\/xolos-vs-morelia-resultados-liga-mx-2.jpg\" data-description=\"xolos-vs-morelia-resultados-liga-mx-2\"><img alt=\"\" src=\"http:\/\/desarrollo.grupomedios.com\/futbol\/wp-content\/uploads\/2016\/07\/xolos-vs-morelia-resultados-liga-mx-3.jpg\" data-image=\"http:\/\/desarrollo.grupomedios.com\/futbol\/wp-content\/uploads\/2016\/07\/xolos-vs-morelia-resultados-liga-mx-3.jpg\" data-description=\"xolos-vs-morelia-resultados-liga-mx-3\"><img alt=\"\" src=\"http:\/\/desarrollo.grupomedios.com\/futbol\/wp-content\/uploads\/2016\/07\/xolos-vs-morelia-resultados-liga-mx-5.jpg\" data-image=\"http:\/\/desarrollo.grupomedios.com\/futbol\/wp-content\/uploads\/2016\/07\/xolos-vs-morelia-resultados-liga-mx-5.jpg\" data-description=\"xolos-vs-morelia-resultados-liga-mx-5\"><\/div>\n        <script>\n        \/\/galeria 1\n        jQuery(document).ready(function(){ \n            var api;\n            api = jQuery(\"#galleryW2k\").unitegallery({\n                carousel_autoplay: false\n            }); \n        });\n        <\/script>\n        \n<p>Alineaci\u00f3n <strong>Xolos<\/strong>: Federico Vilar, Juan Valenzuela, Greg Garza (Dami\u00e1n P\u00e9rez 67\u2019), Juan N\u00fa\u00f1ez, Emmanuel Aguilera, Juan Medina, Guido Rodr\u00edguez (Yasser Corona 76&#8242;), Avil\u00e9s Hurtado (Gabriel Hauche 27\u2019), V\u00edctor Malcorra, Dayro Moreno, Milton Caraglio. DT: Miguel Herrera.<\/p>\n<p>Alineaci\u00f3n <strong>Morelia<\/strong>: Felipe Rodr\u00edguez, Facundo Erpen, Hugo Rodr\u00edguez Carlos Morales, Enrique P\u00e9rez, David Cabrera, Juan Rodr\u00edguez, Diego Vald\u00e9s (Ra\u00fal Ruid\u00edaz 45\u2019), Cristian Pinilla, Luis Rey (Rodrigo Millar 56\u2019), Jefferson Cuero (Alejandro Gagliardi 63\u2019). DT: Enrique Meza.<\/p>\n<p>\u00c1rbitro: \u00c1ngel Monroy.<\/p>\n<p><iframe loading=\"lazy\" src=\"https:\/\/www.youtube.com\/embed\/VbHXUpHWvb0\" frameborder=\"0\" allowfullscreen=\"allowfullscreen\"><\/iframe><\/p>\n<p style=\"text-align: center;\"><strong><span style=\"color: #3366ff;\"><a style=\"color: #3366ff;\" href=\"http:\/\/www.futboltotal.com.mx\/2016\/07\/en-vivo-xolos-vs-morelia-liga-mx\/\" target=\"_blank\">As\u00ed se vivi\u00f3 el Xolos vs. Morelia<\/a><\/span><\/strong><\/p>\n","protected":false},"excerpt":{"rendered":"<p>Dayro Moreno comand\u00f3 el triunfo 2-0 del Tijuana <\/p>\n","protected":false},"author":20,"featured_media":411007,"comment_status":"closed","ping_status":"closed","sticky":false,"template":"","format":"standard","meta":[],"categories":[5,2198,3845],"tags":[5967,1673],"_links":{"self":[{"href":"http:\/\/desarrollo.grupomedios.com\/futbol\/wp-json\/wp\/v2\/posts\/411000"}],"collection":[{"href":"http:\/\/desarrollo.grupomedios.com\/futbol\/wp-json\/wp\/v2\/posts"}],"about":[{"href":"http:\/\/desarrollo.grupomedios.com\/futbol\/wp-json\/wp\/v2\/types\/post"}],"author":[{"embeddable":true,"href":"http:\/\/desarrollo.grupomedios.com\/futbol\/wp-json\/wp\/v2\/users\/20"}],"replies":[{"embeddable":true,"href":"http:\/\/desarrollo.grupomedios.com\/futbol\/wp-json\/wp\/v2\/comments?post=411000"}],"version-history":[{"count":0,"href":"http:\/\/desarrollo.grupomedios.com\/futbol\/wp-json\/wp\/v2\/posts\/411000\/revisions"}],"wp:featuredmedia":[{"embeddable":true,"href":"http:\/\/desarrollo.grupomedios.com\/futbol\/wp-json\/wp\/v2\/media\/411007"}],"wp:attachment":[{"href":"http:\/\/desarrollo.grupomedios.com\/futbol\/wp-json\/wp\/v2\/media?parent=411000"}],"wp:term":[{"taxonomy":"category","embeddable":true,"href":"http:\/\/desarrollo.grupomedios.com\/futbol\/wp-json\/wp\/v2\/categories?post=411000"},{"taxonomy":"post_tag","embeddable":true,"href":"http:\/\/desarrollo.grupomedios.com\/futbol\/wp-json\/wp\/v2\/tags?post=411000"}],"curies":[{"name":"wp","href":"https:\/\/api.w.org\/{rel}","templated":true}]}}