{"id":411030,"date":"2016-07-16T15:48:22","date_gmt":"2016-07-16T20:48:22","guid":{"rendered":"http:\/\/www.futboltotal.com.mx\/?p=411030"},"modified":"2016-07-16T15:50:48","modified_gmt":"2016-07-16T20:50:48","slug":"sevilla-ficha-al-brasileno-ganso","status":"publish","type":"post","link":"http:\/\/desarrollo.grupomedios.com\/futbol\/futbol-internacional\/sevilla-ficha-al-brasileno-ganso\/2016\/07","title":{"rendered":"El Sevilla ficha al brasile\u00f1o Ganso"},"content":{"rendered":"<p>El <strong>Sevilla<\/strong> ha hecho oficial este s\u00e1bado el fichaje del centrocampista brasile\u00f1o Paulo Henrique Chagas de Lima, &#8216;<strong>Ganso<\/strong>&#8216;, procedente del Sao Paulo y que firmar\u00e1 un contrato por cinco temporadas con la entidad sevillista.<\/p>\n<p>La llegada de <strong>Ganso<\/strong> al conjunto entrenado por el argentino Jorge Sampaoli tambi\u00e9n ha sido anunciada en su web por el club paulista, que inform\u00f3 del acuerdo definitivo alcanzado entre las partes y despidi\u00f3 con la frase &#8220;\u00a1Hasta luego, Maestro!&#8221; a este centrocampista creativo, de 26 a\u00f1os e internacional absoluto y ol\u00edmpico con Brasil.<\/p>\n<blockquote class=\"twitter-tweet\" data-lang=\"es\">\n<p dir=\"ltr\" lang=\"es\">El <a href=\"https:\/\/twitter.com\/hashtag\/SevillaFC?src=hash\">#SevillaFC<\/a> y el <a href=\"https:\/\/twitter.com\/SaoPauloFC\">@SaoPauloFC<\/a> llegan a un acuerdo para el traspaso de <a href=\"https:\/\/twitter.com\/phganso\">@phganso<\/a>. <a href=\"https:\/\/t.co\/0UH6l5g1Ba\">https:\/\/t.co\/0UH6l5g1Ba<\/a> <a href=\"https:\/\/t.co\/f1TnBlrGuL\">pic.twitter.com\/f1TnBlrGuL<\/a><\/p>\n<p>\u2014 Sevilla F\u00fatbol Club (@SevillaFC) <a href=\"https:\/\/twitter.com\/SevillaFC\/status\/754355746100375552\">16 de julio de 2016<\/a><\/p><\/blockquote>\n<p><script src=\"\/\/platform.twitter.com\/widgets.js\" async=\"\" charset=\"utf-8\"><\/script><\/p>\n<p><strong>Ganso<\/strong> es el sexto refuerzo del <strong>Sevilla<\/strong> para esta campa\u00f1a y su incorporaci\u00f3n se ha producido despu\u00e9s de que se hubieran dilatado las negociaciones para que se concretara el traspaso y diera el salto a Europa, a falta de que el Sao Paulo y el grupo inversor DIS -que pose\u00eda m\u00e1s de la mitad de sus derechos- alcanzaran un acuerdo.<\/p>\n<p>Aunque el club hispalense no ha ofrecido las cifras de la operaci\u00f3n, ha trascendido que el <strong>Sevilla<\/strong> ha abonado unos 9,5 millones de euros por hacerse con los servicios del media punta brasile\u00f1o, una cantidad que se repartir\u00edan a partes iguales el club paulista y el grupo DIS.<\/p>\n<p><a href=\"http:\/\/www.futboltotal.com.mx\/2016\/07\/problemas-en-turquia-sorprende-a-exjugadores-del-barcelona\/\" target=\"_blank\"><span style=\"color: #3366ff;\">LEER M\u00c1S: EX JUGADORES DEL BARCELONA ATRAPADOS EN TURQU\u00cdA<\/span><\/a><\/p>\n<p>Est\u00e1 previsto que <strong>Ganso<\/strong>, que se recupera de un problema muscular que le mantendr\u00e1 de baja hasta finales de julio, viaje pr\u00f3ximamente a <strong>Sevilla<\/strong> para pasar el reconocimiento m\u00e9dico y firmar su contrato, tras lo que se incorporar\u00eda a la concentraci\u00f3n que la plantilla <em>blanquirroja<\/em>, que actualmente se encuentra en Orlando, llevar\u00e1 a cabo en Alemania.<\/p>\n<blockquote class=\"twitter-tweet\" data-lang=\"es\"><p>\nSpain Experience une al <a href=\"https:\/\/twitter.com\/CARPoficial\">@CARPoficial<\/a> y <a href=\"https:\/\/twitter.com\/hashtag\/SevillaFC?src=hash\">#SevillaFC<\/a> en el partidazo de hoy \u26bd <a href=\"https:\/\/twitter.com\/hashtag\/vamosmisevilla?src=hash\">#vamosmisevilla<\/a> <a href=\"https:\/\/twitter.com\/hashtag\/LaLigaWorld?src=hash\">#LaLigaWorld<\/a> <a href=\"https:\/\/t.co\/njHbDbXpPh\">pic.twitter.com\/njHbDbXpPh<\/a><\/p>\n<p>\u2014 Sevilla F\u00fatbol Club (@SevillaFC) <a href=\"https:\/\/twitter.com\/SevillaFC\/status\/754368311811530753\">16 de julio de 2016<\/a>\n<\/p><\/blockquote>\n<p><script src=\"\/\/platform.twitter.com\/widgets.js\" async=\"\" charset=\"utf-8\"><\/script><\/p>\n<p>La contrataci\u00f3n del brasile\u00f1o, que jug\u00f3 entre 2008 y 2012 en el Santos, fue recomendada por el t\u00e9cnico argentino Sampaoli, quien fue el primero en comunicarse con \u00e9l para sondear dicha posibilidad.<\/p>\n<p><strong>Ganso<\/strong> lleg\u00f3 a ser considerado como una de las principales promesas del f\u00fatbol brasile\u00f1o cuando inici\u00f3 su carrera profesional como el socio perfecto de Neymar en el Santos, pero una lesi\u00f3n de rodilla en 2010 le impidi\u00f3 repetir las actuaciones con las que destac\u00f3 antes de que su compa\u00f1ero fuese transferido al Barcelona.<\/p>\n<p>Con el Santos disput\u00f3 87 partidos en los que logr\u00f3 15 tantos y dio 19 asistencias, tras lo que el jugador de Ananindeua, en la regi\u00f3n de Par\u00e1, fich\u00f3 en 2012 por el Sao Paulo, con el que acumul\u00f3 221 encuentros, con 24 dianas y 49 pases de gol. EFE<\/p>\n<p><iframe loading=\"lazy\" src=\"https:\/\/www.youtube.com\/embed\/w2ievA5KbHU?feature=oembed\" frameborder=\"0\" allowfullscreen><\/iframe><\/p>\n","protected":false},"excerpt":{"rendered":"<p>El ex socio de Neymar llega a la Liga de Espa\u00f1a<\/p>\n","protected":false},"author":20,"featured_media":411031,"comment_status":"closed","ping_status":"closed","sticky":false,"template":"","format":"standard","meta":[],"categories":[3839,3844,5951],"tags":[1913,49],"_links":{"self":[{"href":"http:\/\/desarrollo.grupomedios.com\/futbol\/wp-json\/wp\/v2\/posts\/411030"}],"collection":[{"href":"http:\/\/desarrollo.grupomedios.com\/futbol\/wp-json\/wp\/v2\/posts"}],"about":[{"href":"http:\/\/desarrollo.grupomedios.com\/futbol\/wp-json\/wp\/v2\/types\/post"}],"author":[{"embeddable":true,"href":"http:\/\/desarrollo.grupomedios.com\/futbol\/wp-json\/wp\/v2\/users\/20"}],"replies":[{"embeddable":true,"href":"http:\/\/desarrollo.grupomedios.com\/futbol\/wp-json\/wp\/v2\/comments?post=411030"}],"version-history":[{"count":0,"href":"http:\/\/desarrollo.grupomedios.com\/futbol\/wp-json\/wp\/v2\/posts\/411030\/revisions"}],"wp:featuredmedia":[{"embeddable":true,"href":"http:\/\/desarrollo.grupomedios.com\/futbol\/wp-json\/wp\/v2\/media\/411031"}],"wp:attachment":[{"href":"http:\/\/desarrollo.grupomedios.com\/futbol\/wp-json\/wp\/v2\/media?parent=411030"}],"wp:term":[{"taxonomy":"category","embeddable":true,"href":"http:\/\/desarrollo.grupomedios.com\/futbol\/wp-json\/wp\/v2\/categories?post=411030"},{"taxonomy":"post_tag","embeddable":true,"href":"http:\/\/desarrollo.grupomedios.com\/futbol\/wp-json\/wp\/v2\/tags?post=411030"}],"curies":[{"name":"wp","href":"https:\/\/api.w.org\/{rel}","templated":true}]}}