{"id":411065,"date":"2016-07-16T18:44:43","date_gmt":"2016-07-16T23:44:43","guid":{"rendered":"http:\/\/www.futboltotal.com.mx\/?p=411065"},"modified":"2016-07-16T18:44:43","modified_gmt":"2016-07-16T23:44:43","slug":"necaxa-se-burla-del-cruz-azul","status":"publish","type":"post","link":"http:\/\/desarrollo.grupomedios.com\/futbol\/futbol-mexicano\/necaxa-se-burla-del-cruz-azul\/2016\/07","title":{"rendered":"Necaxa se burla del Cruz Azul"},"content":{"rendered":"<p>Uno de los partidos m\u00e1s llamativos de la jornada 1 del Apertura 2016, es el duelo entre <a href=\"http:\/\/futboltotal.com.mx\/equipos\/necaxa\/\" target=\"_blank\"><strong>Necaxa <\/strong><\/a>y <a href=\"http:\/\/futboltotal.com.mx\/equipos\/cruz-azul\/\" target=\"_blank\"><strong>Cruz Azul<\/strong><\/a>, pues los <em>Rayos<\/em> tienen la obligaci\u00f3n de sumar en cada encuentro, sin embargo, la presi\u00f3n no parece importarles y por ello dedicaron un tiempo para burlarse de la <em>M\u00e1quina<\/em>.<\/p>\n<p>Por medio de <em>Twitter<\/em>, el conjunto <em>rojiblanco<\/em> lanz\u00f3 una imagen en la que aparece su mascota conversando con la <em>celeste<\/em>, en la que le recuerda la sequ\u00eda de casi 19 a\u00f1os sin conseguir un t\u00edtulo de liga.<\/p>\n<blockquote class=\"twitter-tweet\" data-lang=\"es\">\n<p dir=\"ltr\" lang=\"es\">Ya estamos de vuelta con <a href=\"https:\/\/twitter.com\/murdokheras\">@murdokheras<\/a> <a href=\"https:\/\/twitter.com\/hashtag\/FuerzaRayos?src=hash\">#FuerzaRayos<\/a> <a href=\"https:\/\/t.co\/sg17QR64q4\">pic.twitter.com\/sg17QR64q4<\/a><\/p>\n<p>\u2014 Club Necaxa (@ClubNecaxa) <a href=\"https:\/\/twitter.com\/ClubNecaxa\/status\/754364987569610752\">16 de julio de 2016<\/a><\/p><\/blockquote>\n<p><script src=\"\/\/platform.twitter.com\/widgets.js\" async=\"\" charset=\"utf-8\"><\/script><\/p>\n<p>Despu\u00e9s de cinco a\u00f1os, <strong>Necaxa<\/strong> volver\u00e1 a albergar un partido en Primera Divisi\u00f3n, en el cual ser\u00e1 crucial sumar para comenzar acortar distancia de sus rivales en la tabla de cociente.<\/p>\n","protected":false},"excerpt":{"rendered":"<p>Los Rayos subrayaron la sequ\u00eda de la M\u00e1quina<\/p>\n","protected":false},"author":20,"featured_media":411066,"comment_status":"closed","ping_status":"closed","sticky":false,"template":"","format":"standard","meta":[],"categories":[2198,3845],"tags":[5962,261],"_links":{"self":[{"href":"http:\/\/desarrollo.grupomedios.com\/futbol\/wp-json\/wp\/v2\/posts\/411065"}],"collection":[{"href":"http:\/\/desarrollo.grupomedios.com\/futbol\/wp-json\/wp\/v2\/posts"}],"about":[{"href":"http:\/\/desarrollo.grupomedios.com\/futbol\/wp-json\/wp\/v2\/types\/post"}],"author":[{"embeddable":true,"href":"http:\/\/desarrollo.grupomedios.com\/futbol\/wp-json\/wp\/v2\/users\/20"}],"replies":[{"embeddable":true,"href":"http:\/\/desarrollo.grupomedios.com\/futbol\/wp-json\/wp\/v2\/comments?post=411065"}],"version-history":[{"count":0,"href":"http:\/\/desarrollo.grupomedios.com\/futbol\/wp-json\/wp\/v2\/posts\/411065\/revisions"}],"wp:featuredmedia":[{"embeddable":true,"href":"http:\/\/desarrollo.grupomedios.com\/futbol\/wp-json\/wp\/v2\/media\/411066"}],"wp:attachment":[{"href":"http:\/\/desarrollo.grupomedios.com\/futbol\/wp-json\/wp\/v2\/media?parent=411065"}],"wp:term":[{"taxonomy":"category","embeddable":true,"href":"http:\/\/desarrollo.grupomedios.com\/futbol\/wp-json\/wp\/v2\/categories?post=411065"},{"taxonomy":"post_tag","embeddable":true,"href":"http:\/\/desarrollo.grupomedios.com\/futbol\/wp-json\/wp\/v2\/tags?post=411065"}],"curies":[{"name":"wp","href":"https:\/\/api.w.org\/{rel}","templated":true}]}}