{"id":411226,"date":"2016-07-16T22:58:05","date_gmt":"2016-07-17T03:58:05","guid":{"rendered":"http:\/\/www.futboltotal.com.mx\/?p=411226"},"modified":"2016-07-17T00:07:05","modified_gmt":"2016-07-17T05:07:05","slug":"resultados-liga-mx-necaxa-0-0-cruz-azul","status":"publish","type":"post","link":"http:\/\/desarrollo.grupomedios.com\/futbol\/destacado-home\/resultados-liga-mx-necaxa-0-0-cruz-azul\/2016\/07","title":{"rendered":"Triste debut del Necaxa y Cruz Azul"},"content":{"rendered":"<p><a href=\"http:\/\/futboltotal.com.mx\/equipos\/necaxa\/\" target=\"_blank\"><strong>Necaxa<\/strong> <\/a>y <a href=\"http:\/\/futboltotal.com.mx\/equipos\/cruz-azul\/\" target=\"_blank\"><strong>Cruz Azul<\/strong><\/a>, dos equipos que tienen la presi\u00f3n al m\u00e1ximo, uno para mejorar su situaci\u00f3n en la tabla de cociente y el otro por la misma situaci\u00f3n pero al tiempo de pensar en el t\u00edtulo. El problema fue que ambas escuadras demostraron su falta de punter\u00eda y terminaron por empatar 0-0 en la <strong>jornada 1 <\/strong>del <strong>Apertura 2016<\/strong>.<\/p>\n<p>La cancha del Victoria volvi\u00f3 a albergar un partido de Primera Divisi\u00f3n, la fiesta estaba lista para llegar a su punto m\u00e1s alto, pero los equipos jugaron a no perder lo cual dej\u00f3 contadas oportunidades frente al arco.<\/p>\n<p>Lo alarmante para los <em>Cementeros<\/em> fue que Francisco Silva sali\u00f3 por lesi\u00f3n (22\u2019), no conformes, los <em>Rayos<\/em> estuvieron m\u00e1s cerca de llevarse el triunfo, pero ni Claudio Ria\u00f1o ni Edson Puch, estuvieron finos en la definici\u00f3n.<\/p>\n<p><iframe loading=\"lazy\" src=\"https:\/\/www.youtube.com\/embed\/IshKhC7cpcs\" frameborder=\"0\" allowfullscreen=\"allowfullscreen\"><\/iframe><\/p>\n<p>Alineaci\u00f3n <strong>Necaxa<\/strong>: Marcelo Barovero, Mario de Luna, Felipe Gallegos, Severo Meza, Erik Vera, Marcos Gonz\u00e1lez, Xavier B\u00e1ez, Michel Garc\u00eda (Jes\u00fas G\u00f3mez 75\u2019), Alejandro D\u00edaz, Claudio Ria\u00f1o (Diego Riolfo 67\u2019), Jes\u00fas Isijara (Edson Puch 70\u2019). DT: Alfonso Sosa.<\/p>\n<p>Alineaci\u00f3n <strong>Cruz Azul<\/strong>: Jes\u00fas Corona, V\u00edctor V\u00e1zquez, Francisco Silva (Enzo Roco 22\u2019), Julio Dom\u00ednguez, Omar Mendoza, V\u00edctor Z\u00fa\u00f1iga Adri\u00e1n Aldrete, Ariel Rojas (Christian Gim\u00e9nez 81\u2019), Rafael Baca, Joffre Guerr\u00f3n (Jonathan Cristaldo 77\u2019), Aldo Leao. DT: Tom\u00e1s Boy.<\/p>\n<p>\u00c1rbitro: Marco Ort\u00edz.<\/p>\n<p style=\"text-align: center;\"><span style=\"color: #3366ff;\"><a style=\"color: #3366ff;\" href=\"http:\/\/www.futboltotal.com.mx\/2016\/07\/en-vivo-necaxa-vs-cruz-azul-liga-mx\/\" target=\"_blank\"><strong>As\u00ed se vivi\u00f3 el Necaxa vs. Cruz Azul<\/strong><\/a><\/span><\/p>\n","protected":false},"excerpt":{"rendered":"<p>Los Rayos estuvieron cerca del triunfo pero no rompieron el 0-0<\/p>\n","protected":false},"author":20,"featured_media":411229,"comment_status":"closed","ping_status":"closed","sticky":false,"template":"","format":"standard","meta":[],"categories":[5,2198,3845],"tags":[5962,261],"_links":{"self":[{"href":"http:\/\/desarrollo.grupomedios.com\/futbol\/wp-json\/wp\/v2\/posts\/411226"}],"collection":[{"href":"http:\/\/desarrollo.grupomedios.com\/futbol\/wp-json\/wp\/v2\/posts"}],"about":[{"href":"http:\/\/desarrollo.grupomedios.com\/futbol\/wp-json\/wp\/v2\/types\/post"}],"author":[{"embeddable":true,"href":"http:\/\/desarrollo.grupomedios.com\/futbol\/wp-json\/wp\/v2\/users\/20"}],"replies":[{"embeddable":true,"href":"http:\/\/desarrollo.grupomedios.com\/futbol\/wp-json\/wp\/v2\/comments?post=411226"}],"version-history":[{"count":0,"href":"http:\/\/desarrollo.grupomedios.com\/futbol\/wp-json\/wp\/v2\/posts\/411226\/revisions"}],"wp:featuredmedia":[{"embeddable":true,"href":"http:\/\/desarrollo.grupomedios.com\/futbol\/wp-json\/wp\/v2\/media\/411229"}],"wp:attachment":[{"href":"http:\/\/desarrollo.grupomedios.com\/futbol\/wp-json\/wp\/v2\/media?parent=411226"}],"wp:term":[{"taxonomy":"category","embeddable":true,"href":"http:\/\/desarrollo.grupomedios.com\/futbol\/wp-json\/wp\/v2\/categories?post=411226"},{"taxonomy":"post_tag","embeddable":true,"href":"http:\/\/desarrollo.grupomedios.com\/futbol\/wp-json\/wp\/v2\/tags?post=411226"}],"curies":[{"name":"wp","href":"https:\/\/api.w.org\/{rel}","templated":true}]}}