{"id":411249,"date":"2016-07-17T10:59:23","date_gmt":"2016-07-17T15:59:23","guid":{"rendered":"http:\/\/www.futboltotal.com.mx\/?p=411249"},"modified":"2016-07-17T16:37:34","modified_gmt":"2016-07-17T21:37:34","slug":"las-cinco-rapidas","status":"publish","type":"post","link":"http:\/\/desarrollo.grupomedios.com\/futbol\/videos\/las-cinco-rapidas\/2016\/07","title":{"rendered":"Las cinco r\u00e1pidas de&#8230;"},"content":{"rendered":"<p>Lleg\u00f3 la hora de ver uno de los partidos m\u00e1s esperados de la jornada 1 de la <strong>Liga MX<\/strong>: los\u00a0<a href=\"http:\/\/www.futboltotal.com.mx\/equipos\/unam\/\"><strong>Pumas<\/strong> de la UNAM<\/a>\u00a0y las\u00a0<a href=\"http:\/\/www.futboltotal.com.mx\/equipos\/guadalajara\/\"><strong>Chivas<\/strong> del Guadalajara<\/a> se enfrentan en Ciudad Universitaria y en Futbol Total te presentamos las cinco r\u00e1pidas de este duelo que no te puedes perder.\u00a0\u00a1Disfr\u00fatalo!<\/p>\n<p style=\"text-align: center;\"><span style=\"color: #3366ff;\"><strong>LEER M\u00c1S: Las b\u00e1sicas de Am\u00e9rica, Chivas, Cruz Azul y Pumas<\/strong><\/span><\/p>\n<p>[video_player]https:\/\/player.vimeo.com\/external\/174829993.hd.mp4?s=90edf852ffeff1871d73c9dcb1d237391e0c5377&amp;profile_id=174[\/video_player]<\/p>\n","protected":false},"excerpt":{"rendered":"<p>Conoce algunos datos del duelo entre Felinos y Rojiblancos<\/p>\n","protected":false},"author":20,"featured_media":411257,"comment_status":"closed","ping_status":"closed","sticky":false,"template":"","format":"standard","meta":[],"categories":[2198,3845,4],"tags":[6927,70,74],"_links":{"self":[{"href":"http:\/\/desarrollo.grupomedios.com\/futbol\/wp-json\/wp\/v2\/posts\/411249"}],"collection":[{"href":"http:\/\/desarrollo.grupomedios.com\/futbol\/wp-json\/wp\/v2\/posts"}],"about":[{"href":"http:\/\/desarrollo.grupomedios.com\/futbol\/wp-json\/wp\/v2\/types\/post"}],"author":[{"embeddable":true,"href":"http:\/\/desarrollo.grupomedios.com\/futbol\/wp-json\/wp\/v2\/users\/20"}],"replies":[{"embeddable":true,"href":"http:\/\/desarrollo.grupomedios.com\/futbol\/wp-json\/wp\/v2\/comments?post=411249"}],"version-history":[{"count":0,"href":"http:\/\/desarrollo.grupomedios.com\/futbol\/wp-json\/wp\/v2\/posts\/411249\/revisions"}],"wp:featuredmedia":[{"embeddable":true,"href":"http:\/\/desarrollo.grupomedios.com\/futbol\/wp-json\/wp\/v2\/media\/411257"}],"wp:attachment":[{"href":"http:\/\/desarrollo.grupomedios.com\/futbol\/wp-json\/wp\/v2\/media?parent=411249"}],"wp:term":[{"taxonomy":"category","embeddable":true,"href":"http:\/\/desarrollo.grupomedios.com\/futbol\/wp-json\/wp\/v2\/categories?post=411249"},{"taxonomy":"post_tag","embeddable":true,"href":"http:\/\/desarrollo.grupomedios.com\/futbol\/wp-json\/wp\/v2\/tags?post=411249"}],"curies":[{"name":"wp","href":"https:\/\/api.w.org\/{rel}","templated":true}]}}