{"id":411346,"date":"2016-07-17T16:11:08","date_gmt":"2016-07-17T21:11:08","guid":{"rendered":"http:\/\/www.futboltotal.com.mx\/?p=411346"},"modified":"2016-07-17T16:12:09","modified_gmt":"2016-07-17T21:12:09","slug":"katy-perry-canta-rise-tema-los-juegos-olimpicos-rio-janeiro","status":"publish","type":"post","link":"http:\/\/desarrollo.grupomedios.com\/futbol\/videos\/katy-perry-canta-rise-tema-los-juegos-olimpicos-rio-janeiro\/2016\/07","title":{"rendered":"\u00a1Asciende!, tema de Katy Perry para Juegos Ol\u00edmpicos"},"content":{"rendered":"<p>A menos de un mes del inicio de los <strong>Juegos Ol\u00edmpicos de R\u00edo de Janeiro 2016<\/strong>, la cantante estadounidense, <strong>Katy Perry<\/strong>, comparti\u00f3 un video a trav\u00e9s de su cuenta oficial de Youtube, para dar a conocer la canci\u00f3n no oficial, que produjo en conjunto con la cadena NBC, para la competencia deportiva m\u00e1s importante del a\u00f1o.<\/p>\n<p>El tema de <strong>Katy Perry<\/strong> se t\u00edtula, <em>Rise<\/em>, que en espa\u00f1ol se traduce como ascenso, palabra que estar\u00e1 en la mente de todos los participantes de los <strong>Juegos Ol\u00edmpicos de R\u00edo de Janeiro 2016<\/strong>. Cabe destacar, que la CONADE ha confirmado la participaci\u00f3n de 124 atletas mexicanos para la justa.<\/p>\n<p style=\"text-align: center;\"><span style=\"color: #3366ff;\"><a style=\"color: #3366ff;\" href=\"http:\/\/www.futboltotal.com.mx\/2016\/07\/eu-tranquiliza-riesgo-zika-en-rio-2016\/\" target=\"_blank\"><strong>LEER M\u00c1S: Rechazan problemas de zika para los Juegos Ol\u00edmpicos<\/strong><\/a><\/span><\/p>\n<p><iframe loading=\"lazy\" src=\"https:\/\/www.youtube.com\/embed\/lFIIMEe2Ht0\" frameborder=\"0\" allowfullscreen=\"allowfullscreen\"><\/iframe><\/p>\n","protected":false},"excerpt":{"rendered":"<p>La int\u00e9rprete comparte su tema para R\u00edo de Janeiro<\/p>\n","protected":false},"author":20,"featured_media":411347,"comment_status":"closed","ping_status":"closed","sticky":false,"template":"","format":"standard","meta":[],"categories":[5419,7182,5418,6411,4,6433],"tags":[1911,7261,5771],"_links":{"self":[{"href":"http:\/\/desarrollo.grupomedios.com\/futbol\/wp-json\/wp\/v2\/posts\/411346"}],"collection":[{"href":"http:\/\/desarrollo.grupomedios.com\/futbol\/wp-json\/wp\/v2\/posts"}],"about":[{"href":"http:\/\/desarrollo.grupomedios.com\/futbol\/wp-json\/wp\/v2\/types\/post"}],"author":[{"embeddable":true,"href":"http:\/\/desarrollo.grupomedios.com\/futbol\/wp-json\/wp\/v2\/users\/20"}],"replies":[{"embeddable":true,"href":"http:\/\/desarrollo.grupomedios.com\/futbol\/wp-json\/wp\/v2\/comments?post=411346"}],"version-history":[{"count":0,"href":"http:\/\/desarrollo.grupomedios.com\/futbol\/wp-json\/wp\/v2\/posts\/411346\/revisions"}],"wp:featuredmedia":[{"embeddable":true,"href":"http:\/\/desarrollo.grupomedios.com\/futbol\/wp-json\/wp\/v2\/media\/411347"}],"wp:attachment":[{"href":"http:\/\/desarrollo.grupomedios.com\/futbol\/wp-json\/wp\/v2\/media?parent=411346"}],"wp:term":[{"taxonomy":"category","embeddable":true,"href":"http:\/\/desarrollo.grupomedios.com\/futbol\/wp-json\/wp\/v2\/categories?post=411346"},{"taxonomy":"post_tag","embeddable":true,"href":"http:\/\/desarrollo.grupomedios.com\/futbol\/wp-json\/wp\/v2\/tags?post=411346"}],"curies":[{"name":"wp","href":"https:\/\/api.w.org\/{rel}","templated":true}]}}