{"id":411446,"date":"2016-07-17T20:24:15","date_gmt":"2016-07-18T01:24:15","guid":{"rendered":"http:\/\/www.futboltotal.com.mx\/?p=411446"},"modified":"2016-07-17T21:17:06","modified_gmt":"2016-07-18T02:17:06","slug":"los-memes-la-jornada-1-del-apertura-2016","status":"publish","type":"post","link":"http:\/\/desarrollo.grupomedios.com\/futbol\/galerias\/los-memes-la-jornada-1-del-apertura-2016\/2016\/07","title":{"rendered":"Los Memes de la jornada 1 del Apertura 2016"},"content":{"rendered":"<p>Del 15 al 17 de julio, la <strong>Liga MX<\/strong> volvi\u00f3 a la actividad con la primera jornada del Apertura 2016, donde hubo sucesos que impactaron en todo el pa\u00eds, como la falla de Carlos Pe\u00f1a en el <a href=\"http:\/\/www.futboltotal.com.mx\/2016\/07\/resultado-liga-mx-pumas-1-0-chivas-2\/\" target=\"_blank\">Pumas vs. Chivas<\/a>, y el empate sin goles entre <a href=\"http:\/\/www.futboltotal.com.mx\/2016\/07\/resultados-liga-mx-necaxa-0-0-cruz-azul\/\" target=\"_blank\">Necaxa y Cruz Azul,<\/a> por eso los <strong>Memes<\/strong> de la fecha 1, quisieron describir lo sucedido.<\/p>\n<p style=\"text-align: center;\"><span style=\"color: #3366ff;\"><a style=\"color: #3366ff;\" href=\"http:\/\/www.futboltotal.com.mx\/2016\/07\/rewiew-pumas-vs-chivas\/\" target=\"_blank\"><strong>LEER M\u00c1S: El Review del Pumas vs. Chivas<\/strong><\/a><\/span><\/p>\n<div id=\"galleryJxX\" style=\"display:none;\"><img alt=\"\" src=\"http:\/\/desarrollo.grupomedios.com\/futbol\/wp-content\/uploads\/2016\/07\/memes-jornada-1-1.jpg\" data-image=\"http:\/\/desarrollo.grupomedios.com\/futbol\/wp-content\/uploads\/2016\/07\/memes-jornada-1-1.jpg\" data-description=\"memes jornada 1 1\"><img alt=\"\" src=\"http:\/\/desarrollo.grupomedios.com\/futbol\/wp-content\/uploads\/2016\/07\/memes-jornada-1-2.jpg\" data-image=\"http:\/\/desarrollo.grupomedios.com\/futbol\/wp-content\/uploads\/2016\/07\/memes-jornada-1-2.jpg\" data-description=\"memes jornada 1 2\"><img alt=\"\" src=\"http:\/\/desarrollo.grupomedios.com\/futbol\/wp-content\/uploads\/2016\/07\/memes-jornada-1-3.jpg\" data-image=\"http:\/\/desarrollo.grupomedios.com\/futbol\/wp-content\/uploads\/2016\/07\/memes-jornada-1-3.jpg\" data-description=\"memes jornada 1 3\"><img alt=\"\" src=\"http:\/\/desarrollo.grupomedios.com\/futbol\/wp-content\/uploads\/2016\/07\/memes-jornada-1-4.jpg\" data-image=\"http:\/\/desarrollo.grupomedios.com\/futbol\/wp-content\/uploads\/2016\/07\/memes-jornada-1-4.jpg\" data-description=\"memes jornada 1 4\"><img alt=\"\" src=\"http:\/\/desarrollo.grupomedios.com\/futbol\/wp-content\/uploads\/2016\/07\/memes-jornada-1-5.jpg\" data-image=\"http:\/\/desarrollo.grupomedios.com\/futbol\/wp-content\/uploads\/2016\/07\/memes-jornada-1-5.jpg\" data-description=\"memes jornada 1 5\"><img alt=\"\" src=\"http:\/\/desarrollo.grupomedios.com\/futbol\/wp-content\/uploads\/2016\/07\/memes-jornada-1-6.jpg\" data-image=\"http:\/\/desarrollo.grupomedios.com\/futbol\/wp-content\/uploads\/2016\/07\/memes-jornada-1-6.jpg\" data-description=\"memes jornada 1 6\"><img alt=\"\" src=\"http:\/\/desarrollo.grupomedios.com\/futbol\/wp-content\/uploads\/2016\/07\/memes-jornada-1-7.jpg\" data-image=\"http:\/\/desarrollo.grupomedios.com\/futbol\/wp-content\/uploads\/2016\/07\/memes-jornada-1-7.jpg\" data-description=\"memes jornada 1 7\"><img alt=\"\" src=\"http:\/\/desarrollo.grupomedios.com\/futbol\/wp-content\/uploads\/2016\/07\/memes-jornada-1-8.jpg\" data-image=\"http:\/\/desarrollo.grupomedios.com\/futbol\/wp-content\/uploads\/2016\/07\/memes-jornada-1-8.jpg\" data-description=\"memes jornada 1 8\"><img alt=\"\" src=\"http:\/\/desarrollo.grupomedios.com\/futbol\/wp-content\/uploads\/2016\/07\/memes-jornada-1-9.jpg\" data-image=\"http:\/\/desarrollo.grupomedios.com\/futbol\/wp-content\/uploads\/2016\/07\/memes-jornada-1-9.jpg\" data-description=\"memes jornada 1 9\"><img alt=\"\" src=\"http:\/\/desarrollo.grupomedios.com\/futbol\/wp-content\/uploads\/2016\/07\/memes-jornada-1-10.jpg\" data-image=\"http:\/\/desarrollo.grupomedios.com\/futbol\/wp-content\/uploads\/2016\/07\/memes-jornada-1-10.jpg\" data-description=\"memes jornada 1 10\"><img alt=\"\" src=\"http:\/\/desarrollo.grupomedios.com\/futbol\/wp-content\/uploads\/2016\/07\/memes-jornada-1-11.jpg\" data-image=\"http:\/\/desarrollo.grupomedios.com\/futbol\/wp-content\/uploads\/2016\/07\/memes-jornada-1-11.jpg\" data-description=\"memes jornada 1 11\"><img alt=\"\" src=\"http:\/\/desarrollo.grupomedios.com\/futbol\/wp-content\/uploads\/2016\/07\/memes-jornada-1-12.jpg\" data-image=\"http:\/\/desarrollo.grupomedios.com\/futbol\/wp-content\/uploads\/2016\/07\/memes-jornada-1-12.jpg\" data-description=\"memes jornada 1 12\"><img alt=\"\" src=\"http:\/\/desarrollo.grupomedios.com\/futbol\/wp-content\/uploads\/2016\/07\/memes-jornada-1-13.jpg\" data-image=\"http:\/\/desarrollo.grupomedios.com\/futbol\/wp-content\/uploads\/2016\/07\/memes-jornada-1-13.jpg\" data-description=\"memes jornada 1 13\"><img alt=\"\" src=\"http:\/\/desarrollo.grupomedios.com\/futbol\/wp-content\/uploads\/2016\/07\/memes-jornada-1-14.jpg\" data-image=\"http:\/\/desarrollo.grupomedios.com\/futbol\/wp-content\/uploads\/2016\/07\/memes-jornada-1-14.jpg\" data-description=\"memes jornada 1 14\"><img alt=\"\" src=\"http:\/\/desarrollo.grupomedios.com\/futbol\/wp-content\/uploads\/2016\/07\/memes-jornada-1-15.jpg\" data-image=\"http:\/\/desarrollo.grupomedios.com\/futbol\/wp-content\/uploads\/2016\/07\/memes-jornada-1-15.jpg\" data-description=\"memes jornada 1 15\"><img alt=\"\" src=\"http:\/\/desarrollo.grupomedios.com\/futbol\/wp-content\/uploads\/2016\/07\/memes-jornada-1-16.jpg\" data-image=\"http:\/\/desarrollo.grupomedios.com\/futbol\/wp-content\/uploads\/2016\/07\/memes-jornada-1-16.jpg\" data-description=\"memes jornada 1 16\"><img alt=\"\" src=\"http:\/\/desarrollo.grupomedios.com\/futbol\/wp-content\/uploads\/2016\/07\/memes-jornada-1-17.jpg\" data-image=\"http:\/\/desarrollo.grupomedios.com\/futbol\/wp-content\/uploads\/2016\/07\/memes-jornada-1-17.jpg\" data-description=\"memes jornada 1 17\"><img alt=\"\" src=\"http:\/\/desarrollo.grupomedios.com\/futbol\/wp-content\/uploads\/2016\/07\/memes-jornada-1-18.jpg\" data-image=\"http:\/\/desarrollo.grupomedios.com\/futbol\/wp-content\/uploads\/2016\/07\/memes-jornada-1-18.jpg\" data-description=\"memes jornada 1 18\"><img alt=\"\" src=\"http:\/\/desarrollo.grupomedios.com\/futbol\/wp-content\/uploads\/2016\/07\/memes-jornada-1.jpg\" data-image=\"http:\/\/desarrollo.grupomedios.com\/futbol\/wp-content\/uploads\/2016\/07\/memes-jornada-1.jpg\" data-description=\"memes jornada 1\"><\/div>\n        <script>\n        \/\/galeria 1\n        jQuery(document).ready(function(){ \n            var api;\n            api = jQuery(\"#galleryJxX\").unitegallery({\n                carousel_autoplay: false\n            }); \n        });\n        <\/script>\n        \n","protected":false},"excerpt":{"rendered":"<p>\u00a1Llegaron las mejores burlas tras el reinicio de la Liga MX!<\/p>\n","protected":false},"author":20,"featured_media":411466,"comment_status":"closed","ping_status":"closed","sticky":false,"template":"","format":"standard","meta":[],"categories":[2198,3,3845,6409],"tags":[6927,4949],"_links":{"self":[{"href":"http:\/\/desarrollo.grupomedios.com\/futbol\/wp-json\/wp\/v2\/posts\/411446"}],"collection":[{"href":"http:\/\/desarrollo.grupomedios.com\/futbol\/wp-json\/wp\/v2\/posts"}],"about":[{"href":"http:\/\/desarrollo.grupomedios.com\/futbol\/wp-json\/wp\/v2\/types\/post"}],"author":[{"embeddable":true,"href":"http:\/\/desarrollo.grupomedios.com\/futbol\/wp-json\/wp\/v2\/users\/20"}],"replies":[{"embeddable":true,"href":"http:\/\/desarrollo.grupomedios.com\/futbol\/wp-json\/wp\/v2\/comments?post=411446"}],"version-history":[{"count":0,"href":"http:\/\/desarrollo.grupomedios.com\/futbol\/wp-json\/wp\/v2\/posts\/411446\/revisions"}],"wp:featuredmedia":[{"embeddable":true,"href":"http:\/\/desarrollo.grupomedios.com\/futbol\/wp-json\/wp\/v2\/media\/411466"}],"wp:attachment":[{"href":"http:\/\/desarrollo.grupomedios.com\/futbol\/wp-json\/wp\/v2\/media?parent=411446"}],"wp:term":[{"taxonomy":"category","embeddable":true,"href":"http:\/\/desarrollo.grupomedios.com\/futbol\/wp-json\/wp\/v2\/categories?post=411446"},{"taxonomy":"post_tag","embeddable":true,"href":"http:\/\/desarrollo.grupomedios.com\/futbol\/wp-json\/wp\/v2\/tags?post=411446"}],"curies":[{"name":"wp","href":"https:\/\/api.w.org\/{rel}","templated":true}]}}