{"id":411527,"date":"2016-07-18T13:24:10","date_gmt":"2016-07-18T18:24:10","guid":{"rendered":"http:\/\/www.futboltotal.com.mx\/?p=411527"},"modified":"2016-07-18T13:56:07","modified_gmt":"2016-07-18T18:56:07","slug":"promesas-mexicanas-incumplidas-2","status":"publish","type":"post","link":"http:\/\/desarrollo.grupomedios.com\/futbol\/futbol-mexicano\/promesas-mexicanas-incumplidas-2\/2016\/07","title":{"rendered":"Promesas mexicanas incumplidas&#8230;"},"content":{"rendered":"<p>La tentaci\u00f3n de crear un nuevo \u00eddolo a veces es irresistible. Una obra de arte en forma de gol, un torneo explosivo o una irrupci\u00f3n temprana en el m\u00e1ximo circuito puede detonar las esperanzas de una afici\u00f3n. El futbol mexicano, tan corto de aut\u00e9nticos \u00eddolos, es un medio propicio para el entusiasmo desmedido que luego se convierte en monumental desencanto.<\/p>\n<p>Baja de juego, malas decisiones fuera del campo, problemas personales o las exageradas expectativas de afici\u00f3n y prensa, provocaron que estos cinco futbolistas no alcanzaron -a distintas escalas- las alturas que se les auguraban. Uno de ellos cumplea a\u00f1os este 18 de julio, se trata del mediocampista <strong>C\u00e9sar Villaluz<\/strong>, miembro de la generaci\u00f3n que obtuvo el primer t\u00edtulo mundial Sub-17, con el <em>TRI<\/em>.<\/p>\n<p><strong>Adolfo Bautista<\/strong> | La pelota dibuj\u00f3 una par\u00e1bola perfecta, potente, que culmin\u00f3 en un costado de la red. Con aquel portento de Adolfo Bautista, Chivas culmin\u00f3 la humillaci\u00f3n sobre Boca Juniors, en la Ida de los Cuartos de Final de la Libertadores 2005. Fue una prueba m\u00e1s de la calidad del <em>Bofo<\/em>.<\/p>\n<p>Campe\u00f3n con Guadalajara (Apertura 2006) y Pachuca (Apertura 2003), pose\u00eda toque, visi\u00f3n y gol. Sus looks estrafalarios parec\u00edan buen complemento para el futbol de un tipo que cuando estaba enchufado electrizaba la pelota y alteraba el rumbo de un partido.<\/p>\n<p style=\"text-align: center;\"><span style=\"color: #3366ff;\"><a style=\"color: #3366ff;\" href=\"http:\/\/www.futboltotal.com.mx\/2016\/07\/11-ideal-la-jornada-1-del-apertura-2016\/\" target=\"_blank\"><strong>LEER M\u00c1S: El 11 ideal de la jornada 1 del Apertura 2016<\/strong><\/a><\/span><\/p>\n<p>Sin embargo, la indisciplina, bajas futbol\u00edsticas, sobrepeso y -sobre todo- las muestras de su talento cada vez m\u00e1s espaciadas, formaron alrededor de su carrera una capa que termin\u00f3 aisl\u00e1ndolo del balompi\u00e9 de primera. Una de sus m\u00e1s tristes y c\u00e9lebres exhibiciones fue en octavos de final de Sud\u00e1frica 2010, ante Argentina, cuando el <em>Conejo<\/em> P\u00e9rez, en su \u00e1rea, recorri\u00f3 una distancia mayor que el <em>Bofo<\/em>.<\/p>\n<p>Luego de pasar por el Ascenso y la MLS, Adolfo Bautista hoy juega en una liga de futbol <em>indoor<\/em> en Estados Unidos y mantiene la ilusi\u00f3n de volver a M\u00e9xico &#8220;para un partido de despedida con Chivas&#8221;.<\/p>\n<p><a href=\"http:\/\/www.futboltotal.com.mx\/wp-content\/uploads\/2016\/07\/PROMESAS-BOFO.jpg\"><img decoding=\"async\" loading=\"lazy\" class=\"alignnone size-full wp-image-411534\" src=\"http:\/\/www.futboltotal.com.mx\/wp-content\/uploads\/2016\/07\/PROMESAS-BOFO.jpg\" alt=\"PROMESAS-BOFO\" srcset=\"http:\/\/desarrollo.grupomedios.com\/futbol\/wp-content\/uploads\/2016\/07\/PROMESAS-BOFO.jpg 858w, http:\/\/desarrollo.grupomedios.com\/futbol\/wp-content\/uploads\/2016\/07\/PROMESAS-BOFO-300x151.jpg 300w, http:\/\/desarrollo.grupomedios.com\/futbol\/wp-content\/uploads\/2016\/07\/PROMESAS-BOFO-768x386.jpg 768w, http:\/\/desarrollo.grupomedios.com\/futbol\/wp-content\/uploads\/2016\/07\/PROMESAS-BOFO-340x171.jpg 340w\" sizes=\"(max-width: 858px) 100vw, 858px\" \/><\/a><\/p>\n<p><strong>V\u00edctor Ma\u00f1\u00f3n<\/strong> | La tarde del s\u00e1bado 8 de septiembre de 2007, Ma\u00f1\u00f3n se convirti\u00f3 en el debutante m\u00e1s joven en la liga mexicana, con 15 a\u00f1os. El canterano del Pachuca sigui\u00f3 cerca del primer equipo dos a\u00f1os, aunque sin regularidad. Eso no impidi\u00f3 que, en 2009, este centrodelantero fuera parte del <em>Tri<\/em> en el Mundial Sub 17. Eso y su experiencia internacional con los <em>Tuzos<\/em> (CONCACAF y Sudamericana), hac\u00edan pensar que se consolidar\u00eda.<\/p>\n<p>No obstante, no lo logr\u00f3 con el cuadro hidalguense y tras seis meses en el Ascenso con Indios de Ciudad Ju\u00e1rez, volvi\u00f3 a primera con Veracruz, donde tampoco fue constante, por lo que a mediados de 2015 regres\u00f3 a la divisi\u00f3n de plata, con el equipo de su natal Celaya, club al que a\u00fan pertenece, pero que no lo registr\u00f3 para el Apertura 2016 en la <em>Divisi\u00f3n de Plata<\/em>. V\u00edctor Ma\u00f1\u00f3n, hoy de 24 a\u00f1os, tiene cumplir una meta en 2016: &#8220;Volver a Primera Divisi\u00f3n, no pierdo eso de vista&#8221;.<\/p>\n<p><a href=\"http:\/\/www.futboltotal.com.mx\/wp-content\/uploads\/2016\/07\/PROMESAS-VICTOR-MANON.jpg\"><img decoding=\"async\" loading=\"lazy\" class=\"alignnone size-full wp-image-411535\" src=\"http:\/\/www.futboltotal.com.mx\/wp-content\/uploads\/2016\/07\/PROMESAS-VICTOR-MANON.jpg\" alt=\"PROMESAS-VICTOR-MANON\" srcset=\"http:\/\/desarrollo.grupomedios.com\/futbol\/wp-content\/uploads\/2016\/07\/PROMESAS-VICTOR-MANON.jpg 858w, http:\/\/desarrollo.grupomedios.com\/futbol\/wp-content\/uploads\/2016\/07\/PROMESAS-VICTOR-MANON-300x151.jpg 300w, http:\/\/desarrollo.grupomedios.com\/futbol\/wp-content\/uploads\/2016\/07\/PROMESAS-VICTOR-MANON-768x386.jpg 768w, http:\/\/desarrollo.grupomedios.com\/futbol\/wp-content\/uploads\/2016\/07\/PROMESAS-VICTOR-MANON-340x171.jpg 340w\" sizes=\"(max-width: 858px) 100vw, 858px\" \/><\/a><\/p>\n<p style=\"text-align: center;\"><span style=\"color: #3366ff;\"><a style=\"color: #3366ff;\" href=\"http:\/\/www.futboltotal.com.mx\/futbol-mexicano\/resultados\/resultados-liga-mx\/\" target=\"_blank\"><strong>LEER M\u00c1S: Resultados de jornada 1 del Apertura 2016<\/strong><\/a><\/span><\/p>\n<p><strong>C\u00e9sar Villaluz<\/strong> | Integr\u00f3 al <em>Tricolor<\/em> Campe\u00f3n Mundial Sub 17 en 2005. En un cuadro con nombres como Giovani dos Santos y Carlos Vela, Villaluz brill\u00f3 en Per\u00fa por derecho propio y fue uno de los goleadores de aquella escuadra, con tres tantos (solo detr\u00e1s del Bombardero y Ever Guzm\u00e1n). Con el 18 en la espalda, marc\u00f3 dos de las anotaciones con que M\u00e9xico dobleg\u00f3 a Holanda en semis.<\/p>\n<p>Seis meses despu\u00e9s, debut\u00f3 con Cruz Azul en primera y en 2007 comenz\u00f3 a tener continuidad. Se esperaba que fuera una figura de la <em>M\u00e1quina<\/em>, pero aunque se mantuvo ah\u00ed 12 torneos, no logr\u00f3 consolidarse y en 2012 comenzaron los traspasos: San Luis, Tigres y Jaguares; los \u00faltimos dos terminaron peleando su custodia, pero a la inversa: \u201cNo es m\u00edo, es tuyo\u201d. Lesiones, baja de juego y problemas con sus contratos lo tienen hoy en el Celaya del Ascenso MX.<\/p>\n<p><a href=\"http:\/\/www.futboltotal.com.mx\/wp-content\/uploads\/2016\/07\/PROMESAS-VILLALUZ.jpg\"><img decoding=\"async\" loading=\"lazy\" class=\"alignnone size-full wp-image-411536\" src=\"http:\/\/www.futboltotal.com.mx\/wp-content\/uploads\/2016\/07\/PROMESAS-VILLALUZ.jpg\" alt=\"PROMESAS-VILLALUZ\" srcset=\"http:\/\/desarrollo.grupomedios.com\/futbol\/wp-content\/uploads\/2016\/07\/PROMESAS-VILLALUZ.jpg 858w, http:\/\/desarrollo.grupomedios.com\/futbol\/wp-content\/uploads\/2016\/07\/PROMESAS-VILLALUZ-300x151.jpg 300w, http:\/\/desarrollo.grupomedios.com\/futbol\/wp-content\/uploads\/2016\/07\/PROMESAS-VILLALUZ-768x386.jpg 768w, http:\/\/desarrollo.grupomedios.com\/futbol\/wp-content\/uploads\/2016\/07\/PROMESAS-VILLALUZ-340x171.jpg 340w\" sizes=\"(max-width: 858px) 100vw, 858px\" \/><\/a><\/p>\n<p><strong>Gabriel Garc\u00eda<\/strong> | A mediados de 1996, una nueva era nac\u00eda en el futbol mexicano y con ella -parec\u00eda-, un nuevo goleador. El Invierno 96 fue el primer torneo corto en M\u00e9xico y en el que Gabriel Garc\u00eda comenz\u00f3 a hacerse de un nombre. Debut\u00f3 en 1993 (anot\u00e1ndole a Pumas) pero fue en aquel torneo cuando sus 13 goles con Chivas le permitieron pelearle el t\u00edtulo de goleo individual al espa\u00f1ol Carlos Mu\u00f1oz -quien termin\u00f3 gan\u00e1ndolo, con 15-.<\/p>\n<p>Aunque no fue Campe\u00f3n de goleo en ese torneo, el Gaby se perfilaba para ser el nuevo romperredes nacional o -al menos- el nuevo gran \u00eddolo del <em>Reba\u00f1o<\/em>. El futuro escribi\u00f3 una historia bastante distinta\u2026<\/p>\n<p><a href=\"http:\/\/www.futboltotal.com.mx\/wp-content\/uploads\/2016\/07\/PROMESAS-GARCIA.jpg\"><img decoding=\"async\" loading=\"lazy\" class=\"alignnone size-full wp-image-411537\" src=\"http:\/\/www.futboltotal.com.mx\/wp-content\/uploads\/2016\/07\/PROMESAS-GARCIA.jpg\" alt=\"PROMESAS-GARCIA\" srcset=\"http:\/\/desarrollo.grupomedios.com\/futbol\/wp-content\/uploads\/2016\/07\/PROMESAS-GARCIA.jpg 858w, http:\/\/desarrollo.grupomedios.com\/futbol\/wp-content\/uploads\/2016\/07\/PROMESAS-GARCIA-300x151.jpg 300w, http:\/\/desarrollo.grupomedios.com\/futbol\/wp-content\/uploads\/2016\/07\/PROMESAS-GARCIA-768x386.jpg 768w, http:\/\/desarrollo.grupomedios.com\/futbol\/wp-content\/uploads\/2016\/07\/PROMESAS-GARCIA-340x171.jpg 340w\" sizes=\"(max-width: 858px) 100vw, 858px\" \/><\/a><\/p>\n<p style=\"text-align: center;\"><span style=\"color: #3366ff;\"><a style=\"color: #3366ff;\" href=\"http:\/\/www.futboltotal.com.mx\/2016\/07\/pokemon-go-version-futbol\/\" target=\"_blank\"><strong>LEER M\u00c1S: Futbol versi\u00f3n Pokemon Go<\/strong><\/a><\/span><\/p>\n<p>En los siguientes tres torneos solo anot\u00f3 tres veces, por lo que pas\u00f3 en 1998 al Morelia, donde su cosecha frente al arco no mejor\u00f3. En tres a\u00f1os con la <em>Monarqu\u00eda<\/em> anot\u00f3 solo dos veces y su carrera en el m\u00e1ximo circuito termin\u00f3 en 2002.<\/p>\n<p><strong>Nery Castillo<\/strong> | En 2003, la noticia de un mexicano triunfando en Grecia encendi\u00f3 el inter\u00e9s local. M\u00e1s cuando Ricardo La Volpe asegur\u00f3 que buscar\u00eda al chico del Olympiacos para el <em>Tri<\/em> Preol\u00edmpico rumbo a Atenas 2004 o incluso para el mayor. Nery Castillo ten\u00eda 19 a\u00f1os, naci\u00f3 en San Luis Potos\u00ed, donde su padre -uruguayo del mismo nombre- jug\u00f3 para el Atl\u00e9tico Potosino.<\/p>\n<p>Tras intentos, negativas, rumores, lleg\u00f3 al <em>Tri<\/em> cuando el t\u00e9cnico ya era Hugo S\u00e1nchez, en 2007. Ese a\u00f1o mostr\u00f3 su talento en la Copa Oro y estall\u00f3 en la Copa Am\u00e9rica, donde invent\u00f3 un gol a Brasil con trazos art\u00edsticos: sombrerito y suave definici\u00f3n de aire. Pintaba para ser una figura mexicana en el siguiente Mundial, pero\u2026<\/p>\n<p>En 2007, con su millonario traspaso al Shakhtar Donetsk inici\u00f3 un declive: lesiones, problemas personales, una compleja ruta -Ucrania, Estados Unidos, Espa\u00f1a, incluso M\u00e9xico, con Pachuca y Le\u00f3n- minaron su desempe\u00f1o, hasta que se borr\u00f3 del mapa futbol\u00edstico en 2014. Hoy, en Grecia, Nery Castillo pasa sus d\u00edas m\u00e1s cerca de la pesca y el p\u00e1del que del bal\u00f3n.<\/p>\n<p><a href=\"http:\/\/www.futboltotal.com.mx\/wp-content\/uploads\/2016\/07\/PROMESAS-NERY.jpg\"><img decoding=\"async\" loading=\"lazy\" class=\"alignnone size-full wp-image-411538\" src=\"http:\/\/www.futboltotal.com.mx\/wp-content\/uploads\/2016\/07\/PROMESAS-NERY.jpg\" alt=\"PROMESAS-NERY\" srcset=\"http:\/\/desarrollo.grupomedios.com\/futbol\/wp-content\/uploads\/2016\/07\/PROMESAS-NERY.jpg 858w, http:\/\/desarrollo.grupomedios.com\/futbol\/wp-content\/uploads\/2016\/07\/PROMESAS-NERY-300x151.jpg 300w, http:\/\/desarrollo.grupomedios.com\/futbol\/wp-content\/uploads\/2016\/07\/PROMESAS-NERY-768x386.jpg 768w, http:\/\/desarrollo.grupomedios.com\/futbol\/wp-content\/uploads\/2016\/07\/PROMESAS-NERY-340x171.jpg 340w\" sizes=\"(max-width: 858px) 100vw, 858px\" \/><\/a><\/p>\n<p><span style=\"color: #ff0000;\">VIDEO: Los mejores goles de la jornada 1<\/span><\/p>\n<p>[video_player]https:\/\/player.vimeo.com\/external\/175238196.hd.mp4?s=5f8cb5800c0e4f5600d56d1cc54f26d0569199f2&amp;profile_id=174[\/video_player]<\/p>\n","protected":false},"excerpt":{"rendered":"<p>C\u00e9sar Villaluz y otros futbolistas que ilusionaron a M\u00e9xico<\/p>\n","protected":false},"author":20,"featured_media":411540,"comment_status":"closed","ping_status":"closed","sticky":false,"template":"","format":"standard","meta":[],"categories":[2198,3845,5950],"tags":[432,1177,5962,142],"_links":{"self":[{"href":"http:\/\/desarrollo.grupomedios.com\/futbol\/wp-json\/wp\/v2\/posts\/411527"}],"collection":[{"href":"http:\/\/desarrollo.grupomedios.com\/futbol\/wp-json\/wp\/v2\/posts"}],"about":[{"href":"http:\/\/desarrollo.grupomedios.com\/futbol\/wp-json\/wp\/v2\/types\/post"}],"author":[{"embeddable":true,"href":"http:\/\/desarrollo.grupomedios.com\/futbol\/wp-json\/wp\/v2\/users\/20"}],"replies":[{"embeddable":true,"href":"http:\/\/desarrollo.grupomedios.com\/futbol\/wp-json\/wp\/v2\/comments?post=411527"}],"version-history":[{"count":0,"href":"http:\/\/desarrollo.grupomedios.com\/futbol\/wp-json\/wp\/v2\/posts\/411527\/revisions"}],"wp:featuredmedia":[{"embeddable":true,"href":"http:\/\/desarrollo.grupomedios.com\/futbol\/wp-json\/wp\/v2\/media\/411540"}],"wp:attachment":[{"href":"http:\/\/desarrollo.grupomedios.com\/futbol\/wp-json\/wp\/v2\/media?parent=411527"}],"wp:term":[{"taxonomy":"category","embeddable":true,"href":"http:\/\/desarrollo.grupomedios.com\/futbol\/wp-json\/wp\/v2\/categories?post=411527"},{"taxonomy":"post_tag","embeddable":true,"href":"http:\/\/desarrollo.grupomedios.com\/futbol\/wp-json\/wp\/v2\/tags?post=411527"}],"curies":[{"name":"wp","href":"https:\/\/api.w.org\/{rel}","templated":true}]}}