{"id":411541,"date":"2016-07-18T14:17:06","date_gmt":"2016-07-18T19:17:06","guid":{"rendered":"http:\/\/www.futboltotal.com.mx\/?p=411541"},"modified":"2016-07-18T14:17:06","modified_gmt":"2016-07-18T19:17:06","slug":"ambriz-entre-los-100-mejores-tecnicos-del-mundo","status":"publish","type":"post","link":"http:\/\/desarrollo.grupomedios.com\/futbol\/futbol-mexicano\/ambriz-entre-los-100-mejores-tecnicos-del-mundo\/2016\/07","title":{"rendered":"Ambriz, entre los 100 mejores t\u00e9cnicos del mundo"},"content":{"rendered":"<p>El director t\u00e9cnico del <strong>CF Am\u00e9rica<\/strong>, <strong>Ignacio Ambriz<\/strong>, sigue cobrando r\u00e9dito tras la conquista de la <strong>Liga de Campeones de la Concacaf 2015-16.<\/strong> Este lunes, el timonel apareci\u00f3 como el \u00fanico mexicano que figura en el Top 100 de los mejores entrenadores del mundo.<\/p>\n<p>De acuerdo con el Ranking Mundial de los Entrenadores de Futbol (Football Coach World Ranking), publicado semanalmente, <strong>Ambriz\u00a0<\/strong>ha logrado una evoluci\u00f3n favorable a consecuencia del t\u00edtulo internacional que conquist\u00f3 el pasado 27 abril ante Tigres.<\/p>\n<p style=\"text-align: center;\"><strong><a style=\"color: #3366ff;\" href=\"http:\/\/www.futboltotal.com.mx\/futbol-mexicano\/\">LEER M\u00c1S: Todas las noticias de futbol mexicano<\/a><\/strong><\/p>\n<p><a href=\"http:\/\/www.futboltotal.com.mx\/wp-content\/uploads\/2016\/07\/Screen-Shot-2016-07-18-at-2.07.04-PM.png\"><img decoding=\"async\" loading=\"lazy\" class=\"alignnone size-full wp-image-411551\" src=\"http:\/\/www.futboltotal.com.mx\/wp-content\/uploads\/2016\/07\/Screen-Shot-2016-07-18-at-2.07.04-PM.png\" alt=\"Screen Shot 2016-07-18 at 2.07.04 PM\" srcset=\"http:\/\/desarrollo.grupomedios.com\/futbol\/wp-content\/uploads\/2016\/07\/Screen-Shot-2016-07-18-at-2.07.04-PM.png 624w, http:\/\/desarrollo.grupomedios.com\/futbol\/wp-content\/uploads\/2016\/07\/Screen-Shot-2016-07-18-at-2.07.04-PM-300x283.png 300w\" sizes=\"(max-width: 624px) 100vw, 624px\" \/><\/a><\/p>\n<p style=\"text-align: left;\">Hasta antes de la conquista del t\u00edtulo,\u00a0<strong>Ambriz<\/strong> figuraba en el pelda\u00f1o 126 de la clasificaci\u00f3n y ahora ha ganado terreno paulatinamente hasta figurar en el sitio 83, posici\u00f3n m\u00e1s alta que ha ocupado desde que lleg\u00f3 al banquillo <em>azulcrema<\/em> en 2015.<\/p>\n<p style=\"text-align: left;\">Eso s\u00ed, el DT de las <em>\u00c1guilas<\/em>\u00a0aun ve de lejos al mand\u00f3n de los entrenadores que dirigen en la Liga MX: Ricardo Ferretti, quien pese a ser\u00a0el d\u00e9cimo mejor estratega brasile\u00f1o, seg\u00fan esta clasificaci\u00f3n, es el mejor posicionado al situarse en la posici\u00f3n 78.<\/p>\n<p style=\"text-align: left;\">\n<p>&nbsp;<\/p>\n<p>&nbsp;<\/p>\n","protected":false},"excerpt":{"rendered":"<p>El DT de las \u00c1guilas es el mexicano mejor posicionado a nivel mundial<\/p>\n","protected":false},"author":20,"featured_media":411553,"comment_status":"closed","ping_status":"closed","sticky":false,"template":"","format":"standard","meta":[],"categories":[2198,3845,5950],"tags":[7263,5959,259,5973],"_links":{"self":[{"href":"http:\/\/desarrollo.grupomedios.com\/futbol\/wp-json\/wp\/v2\/posts\/411541"}],"collection":[{"href":"http:\/\/desarrollo.grupomedios.com\/futbol\/wp-json\/wp\/v2\/posts"}],"about":[{"href":"http:\/\/desarrollo.grupomedios.com\/futbol\/wp-json\/wp\/v2\/types\/post"}],"author":[{"embeddable":true,"href":"http:\/\/desarrollo.grupomedios.com\/futbol\/wp-json\/wp\/v2\/users\/20"}],"replies":[{"embeddable":true,"href":"http:\/\/desarrollo.grupomedios.com\/futbol\/wp-json\/wp\/v2\/comments?post=411541"}],"version-history":[{"count":0,"href":"http:\/\/desarrollo.grupomedios.com\/futbol\/wp-json\/wp\/v2\/posts\/411541\/revisions"}],"wp:featuredmedia":[{"embeddable":true,"href":"http:\/\/desarrollo.grupomedios.com\/futbol\/wp-json\/wp\/v2\/media\/411553"}],"wp:attachment":[{"href":"http:\/\/desarrollo.grupomedios.com\/futbol\/wp-json\/wp\/v2\/media?parent=411541"}],"wp:term":[{"taxonomy":"category","embeddable":true,"href":"http:\/\/desarrollo.grupomedios.com\/futbol\/wp-json\/wp\/v2\/categories?post=411541"},{"taxonomy":"post_tag","embeddable":true,"href":"http:\/\/desarrollo.grupomedios.com\/futbol\/wp-json\/wp\/v2\/tags?post=411541"}],"curies":[{"name":"wp","href":"https:\/\/api.w.org\/{rel}","templated":true}]}}