{"id":411544,"date":"2016-07-18T13:53:10","date_gmt":"2016-07-18T18:53:10","guid":{"rendered":"http:\/\/www.futboltotal.com.mx\/?p=411544"},"modified":"2016-07-18T13:53:10","modified_gmt":"2016-07-18T18:53:10","slug":"promesas-terminaron-en-ascenso-mx-2","status":"publish","type":"post","link":"http:\/\/desarrollo.grupomedios.com\/futbol\/futbol-mexicano\/promesas-terminaron-en-ascenso-mx-2\/2016\/07","title":{"rendered":"Promesas que terminaron en el Ascenso MX"},"content":{"rendered":"<p>Cuando dieron sus primeros pasos sobre canchas profesionales fueron catalogados como grandes promesas. Sin embargo, en ciertos casos nunca despuntaron y sus aspiraciones vinieron a menos, al grado de nunca consolidarse en Primera Divisi\u00f3n y terminar en el <strong>Ascenso MX<\/strong>, situaci\u00f3n de la que recordamos cinco casos, uno de ellos, es el de <strong>C\u00e9sar Villaluz<\/strong>, quien este 18 de julio celebra su aniversario 28.<\/p>\n<p><span style=\"color: #ff0000;\"><strong>Enrique Esqueda<\/strong><\/span> | Si bien el <em>Paleta<\/em> brill\u00f3 en la Copa Libertadores de 2015 con Tigres, pas\u00f3 a segundo t\u00e9rmino, por eso sali\u00f3 al Veracruz, pero una lesi\u00f3n lo margin\u00f3 y eso le produjo que no entrara en los planes de los jarochos; no conforme, se fue a la categor\u00eda de plata con Ju\u00e1rez FC.<\/p>\n<p><a href=\"http:\/\/www.futboltotal.com.mx\/wp-content\/uploads\/2016\/07\/PROMESAS-ESQUEDA.jpg\"><img decoding=\"async\" loading=\"lazy\" class=\"alignnone size-full wp-image-411546\" src=\"http:\/\/www.futboltotal.com.mx\/wp-content\/uploads\/2016\/07\/PROMESAS-ESQUEDA.jpg\" alt=\"PROMESAS-ESQUEDA\" srcset=\"http:\/\/desarrollo.grupomedios.com\/futbol\/wp-content\/uploads\/2016\/07\/PROMESAS-ESQUEDA.jpg 858w, http:\/\/desarrollo.grupomedios.com\/futbol\/wp-content\/uploads\/2016\/07\/PROMESAS-ESQUEDA-300x151.jpg 300w, http:\/\/desarrollo.grupomedios.com\/futbol\/wp-content\/uploads\/2016\/07\/PROMESAS-ESQUEDA-768x386.jpg 768w, http:\/\/desarrollo.grupomedios.com\/futbol\/wp-content\/uploads\/2016\/07\/PROMESAS-ESQUEDA-340x171.jpg 340w\" sizes=\"(max-width: 858px) 100vw, 858px\" \/><\/a><\/p>\n<p>&nbsp;<\/p>\n<p><span style=\"color: #ff0000;\"><strong>C\u00e9sar Villaluz<\/strong><\/span> | Campe\u00f3n del Mundo Sub-17 y con un brillante arranque de carrera con Cruz Azul. Empero, tras su salida de la entidad cementera en 2012, se fue apagando gradualmente y no ha vuelto a trascender en el balompi\u00e9 nacional, en el <strong>Ascenso MX<\/strong> pas\u00f3 por Atl\u00e9tico San Luis y ahora probar\u00e1 suerte con Celaya.<\/p>\n<p><a href=\"http:\/\/www.futboltotal.com.mx\/wp-content\/uploads\/2016\/07\/PROMESAS-VILLALUZ.jpg\"><img decoding=\"async\" loading=\"lazy\" class=\"alignnone size-full wp-image-411536\" src=\"http:\/\/www.futboltotal.com.mx\/wp-content\/uploads\/2016\/07\/PROMESAS-VILLALUZ.jpg\" alt=\"PROMESAS-VILLALUZ\" srcset=\"http:\/\/desarrollo.grupomedios.com\/futbol\/wp-content\/uploads\/2016\/07\/PROMESAS-VILLALUZ.jpg 858w, http:\/\/desarrollo.grupomedios.com\/futbol\/wp-content\/uploads\/2016\/07\/PROMESAS-VILLALUZ-300x151.jpg 300w, http:\/\/desarrollo.grupomedios.com\/futbol\/wp-content\/uploads\/2016\/07\/PROMESAS-VILLALUZ-768x386.jpg 768w, http:\/\/desarrollo.grupomedios.com\/futbol\/wp-content\/uploads\/2016\/07\/PROMESAS-VILLALUZ-340x171.jpg 340w\" sizes=\"(max-width: 858px) 100vw, 858px\" \/><\/a><\/p>\n<p style=\"text-align: center;\"><span style=\"color: #3366ff;\"><a style=\"color: #3366ff;\" href=\"http:\/\/www.futboltotal.com.mx\/2016\/07\/pokemon-go-version-futbol\/\" target=\"_blank\"><strong>LEER M\u00c1S: Futbol versi\u00f3n Pokemon Go<\/strong><\/a><\/span><\/p>\n<p><span style=\"color: #ff0000;\"><strong>\u00c1ngel Reyna<\/strong><\/span> | Fue campe\u00f3n de goleo individual en el Clausura 2011, en su segunda etapa con el Am\u00e9rica; sin embargo, meses despu\u00e9s sali\u00f3 de manera pol\u00e9mica del <em>Nido<\/em>. Fue el refuerzo bomba de las Chivas en el Apertura 2014, pero con la escuadra rojiblanca no encontr\u00f3 el nivel que alguna vez lo llev\u00f3 a la Selecci\u00f3n Mexicana, adem\u00e1s que los problemas extra cancha persistieron e incluso acab\u00f3 contrato con los <em>tapat\u00edos<\/em>. Despu\u00e9s de meses de incertidumbre se fue al Celaya.<\/p>\n<p><a href=\"http:\/\/www.futboltotal.com.mx\/wp-content\/uploads\/2016\/06\/cracks-ascenso-mx-noticias-1.jpg\" rel=\"attachment wp-att-405432\"><img decoding=\"async\" loading=\"lazy\" class=\"alignnone size-full wp-image-405432\" src=\"http:\/\/www.futboltotal.com.mx\/wp-content\/uploads\/2016\/06\/cracks-ascenso-mx-noticias-1.jpg\" alt=\"cracks-ascenso-mx-noticias-1\" srcset=\"http:\/\/desarrollo.grupomedios.com\/futbol\/wp-content\/uploads\/2016\/06\/cracks-ascenso-mx-noticias-1.jpg 858w, http:\/\/desarrollo.grupomedios.com\/futbol\/wp-content\/uploads\/2016\/06\/cracks-ascenso-mx-noticias-1-300x151.jpg 300w, http:\/\/desarrollo.grupomedios.com\/futbol\/wp-content\/uploads\/2016\/06\/cracks-ascenso-mx-noticias-1-768x386.jpg 768w, http:\/\/desarrollo.grupomedios.com\/futbol\/wp-content\/uploads\/2016\/06\/cracks-ascenso-mx-noticias-1-340x171.jpg 340w\" sizes=\"(max-width: 858px) 100vw, 858px\" \/><\/a><\/p>\n<p><span style=\"color: #ff0000;\"><strong>Jorge Enr\u00edquez<\/strong><\/span> | Alguna vez tuvo el nivel suficiente para ir al <em>Tri<\/em> e incluso gan\u00f3 la medalla de Oro en los Juegos Panamericanos 2011 y en los Ol\u00edmpicos de 2012. Todo qued\u00f3 en el olvido para el <em>Chat\u00f3n<\/em>, que ahora vestir\u00e1 la camiseta de Coras.<\/p>\n<p><a href=\"http:\/\/www.futboltotal.com.mx\/wp-content\/uploads\/2016\/07\/PROMESAS-CHATON.jpg\"><img decoding=\"async\" loading=\"lazy\" class=\"alignnone size-full wp-image-411547\" src=\"http:\/\/www.futboltotal.com.mx\/wp-content\/uploads\/2016\/07\/PROMESAS-CHATON.jpg\" alt=\"PROMESAS-CHATON\" srcset=\"http:\/\/desarrollo.grupomedios.com\/futbol\/wp-content\/uploads\/2016\/07\/PROMESAS-CHATON.jpg 858w, http:\/\/desarrollo.grupomedios.com\/futbol\/wp-content\/uploads\/2016\/07\/PROMESAS-CHATON-300x151.jpg 300w, http:\/\/desarrollo.grupomedios.com\/futbol\/wp-content\/uploads\/2016\/07\/PROMESAS-CHATON-768x386.jpg 768w, http:\/\/desarrollo.grupomedios.com\/futbol\/wp-content\/uploads\/2016\/07\/PROMESAS-CHATON-340x171.jpg 340w\" sizes=\"(max-width: 858px) 100vw, 858px\" \/><\/a><\/p>\n<p><span style=\"color: #ff0000;\"><strong>Armando Navarrete<\/strong><\/span> | Durante a\u00f1os esper\u00f3 su oportunidad en Am\u00e9rica, cuando le lleg\u00f3 tuvo la mala suerte de conformar uno de los planteles para el olvido en la historia del club. Luego de deambular por escuadras como Atlante, Necaxa, Puebla, Irapuato; con Cimarrones logr\u00f3 consolidarse, aunque el club fue s\u00f3tanero dos veces, condici\u00f3n que espera superar con Zacatepec Siglo XXI.<\/p>\n<p><a href=\"http:\/\/www.futboltotal.com.mx\/wp-content\/uploads\/2016\/07\/PROMESAS-NAVARRETE.jpg\"><img decoding=\"async\" loading=\"lazy\" class=\"alignnone size-full wp-image-411548\" src=\"http:\/\/www.futboltotal.com.mx\/wp-content\/uploads\/2016\/07\/PROMESAS-NAVARRETE.jpg\" alt=\"PROMESAS-NAVARRETE\" srcset=\"http:\/\/desarrollo.grupomedios.com\/futbol\/wp-content\/uploads\/2016\/07\/PROMESAS-NAVARRETE.jpg 858w, http:\/\/desarrollo.grupomedios.com\/futbol\/wp-content\/uploads\/2016\/07\/PROMESAS-NAVARRETE-300x151.jpg 300w, http:\/\/desarrollo.grupomedios.com\/futbol\/wp-content\/uploads\/2016\/07\/PROMESAS-NAVARRETE-768x386.jpg 768w, http:\/\/desarrollo.grupomedios.com\/futbol\/wp-content\/uploads\/2016\/07\/PROMESAS-NAVARRETE-340x171.jpg 340w\" sizes=\"(max-width: 858px) 100vw, 858px\" \/><\/a><\/p>\n<p><span style=\"color: #ff0000;\"><strong>VIDEO<\/strong>: Los mejores goles de la jornada 1 del Apertura 2016<br \/>\n<\/span><\/p>\n<p>[video_player]https:\/\/player.vimeo.com\/external\/175238196.hd.mp4?s=5f8cb5800c0e4f5600d56d1cc54f26d0569199f2&amp;profile_id=174[\/video_player]<\/p>\n","protected":false},"excerpt":{"rendered":"<p>Estos jugadores promet\u00edan ser figura, pero&#8230;<\/p>\n","protected":false},"author":20,"featured_media":411545,"comment_status":"closed","ping_status":"closed","sticky":false,"template":"","format":"standard","meta":[],"categories":[2198,3845,5950],"tags":[1659,432,1177,70,5962],"_links":{"self":[{"href":"http:\/\/desarrollo.grupomedios.com\/futbol\/wp-json\/wp\/v2\/posts\/411544"}],"collection":[{"href":"http:\/\/desarrollo.grupomedios.com\/futbol\/wp-json\/wp\/v2\/posts"}],"about":[{"href":"http:\/\/desarrollo.grupomedios.com\/futbol\/wp-json\/wp\/v2\/types\/post"}],"author":[{"embeddable":true,"href":"http:\/\/desarrollo.grupomedios.com\/futbol\/wp-json\/wp\/v2\/users\/20"}],"replies":[{"embeddable":true,"href":"http:\/\/desarrollo.grupomedios.com\/futbol\/wp-json\/wp\/v2\/comments?post=411544"}],"version-history":[{"count":0,"href":"http:\/\/desarrollo.grupomedios.com\/futbol\/wp-json\/wp\/v2\/posts\/411544\/revisions"}],"wp:featuredmedia":[{"embeddable":true,"href":"http:\/\/desarrollo.grupomedios.com\/futbol\/wp-json\/wp\/v2\/media\/411545"}],"wp:attachment":[{"href":"http:\/\/desarrollo.grupomedios.com\/futbol\/wp-json\/wp\/v2\/media?parent=411544"}],"wp:term":[{"taxonomy":"category","embeddable":true,"href":"http:\/\/desarrollo.grupomedios.com\/futbol\/wp-json\/wp\/v2\/categories?post=411544"},{"taxonomy":"post_tag","embeddable":true,"href":"http:\/\/desarrollo.grupomedios.com\/futbol\/wp-json\/wp\/v2\/tags?post=411544"}],"curies":[{"name":"wp","href":"https:\/\/api.w.org\/{rel}","templated":true}]}}