{"id":411556,"date":"2016-07-18T15:07:01","date_gmt":"2016-07-18T20:07:01","guid":{"rendered":"http:\/\/www.futboltotal.com.mx\/?p=411556"},"modified":"2016-07-18T18:53:33","modified_gmt":"2016-07-18T23:53:33","slug":"munoz-lesionado-hugo-gonzalez-al-quite","status":"publish","type":"post","link":"http:\/\/desarrollo.grupomedios.com\/futbol\/destacado-home\/munoz-lesionado-hugo-gonzalez-al-quite\/2016\/07","title":{"rendered":"Mu\u00f1oz, cuarta baja de las \u00c1guilas"},"content":{"rendered":"<p>La participaci\u00f3n de<strong>\u00a0Mois\u00e9s Mu\u00f1oz<\/strong> est\u00e1 en duda con el <a href=\"http:\/\/www.futboltotal.com.mx\/futbol-mexicano\/\"><strong>Am\u00e9rica<\/strong><\/a> para el partido ante Toluca, duelo de la jornada 2 del <a href=\"http:\/\/www.futboltotal.com.mx\/futbol-mexicano\/\"><strong>Apertura 2016<\/strong><\/a> de la Liga MX que se disputar\u00e1 el pr\u00f3ximo s\u00e1bado, toda vez que padece una lesi\u00f3n muscular que dejar\u00eda fuera de actividad entre una\u00a0y dos semanas.<\/p>\n<p>Despu\u00e9s de casi cinco meses de no tener actividad en calidad de titular, <strong>Mu\u00f1oz<\/strong> estuvo en el once inicial ante Chiapas y acab\u00f3 el partido &#8220;con molestias en el aductor&#8221;, seg\u00fan apunt\u00f3 el DT Ignacio Ambriz al t\u00e9rmino del partido.<\/p>\n<p style=\"text-align: center;\"><span style=\"color: #3366ff;\"><strong><a style=\"color: #3366ff;\" href=\"http:\/\/www.futboltotal.com.mx\/2016\/07\/ambriz-entre-los-100-mejores-tecnicos-del-mundo\/\">LEER M\u00c1S: Ambriz, entre los 100 mejores entrenadores del mundo<\/a><\/strong><\/span><\/p>\n<p>Sin embargo este lunes trascendi\u00f3 que <em>Moi<\/em> sufre un desgarre, por lo que pr\u00e1cticamente est\u00e1 descartado para el duelo ante Toluca del pr\u00f3ximo s\u00e1bado en el estadio Azteca. Aun falta que el club emita el parte m\u00e9dico y confirme el grado de alcance de la lesi\u00f3n.<\/p>\n<p>De confirmarse la lesi\u00f3n de <strong>Mois\u00e9s Mu\u00f1oz<\/strong>, <strong>Am\u00e9rica<\/strong> sumar\u00eda su cuarta baja del certamen, aunada a las de Michael Arroyo, Miguel Samudio y Paolo Goltz, este \u00faltimo tambi\u00e9n lesionado ante Chiapas.<\/p>\n<blockquote class=\"twitter-tweet\" data-lang=\"es\">\n<p dir=\"ltr\" lang=\"es\">As\u00ed se jugar\u00e1 la J2 del <a href=\"https:\/\/twitter.com\/hashtag\/AP2016?src=hash\">#AP2016<\/a>, nuestras \u00c1guilas enfrentar\u00e1n a <a href=\"https:\/\/twitter.com\/TolucaFC\">@TolucaFC<\/a> <a href=\"https:\/\/twitter.com\/hashtag\/VamosAm%C3%A9rica?src=hash\">#VamosAm\u00e9rica<\/a> <a href=\"https:\/\/t.co\/SDMLePZqgi\">pic.twitter.com\/SDMLePZqgi<\/a><\/p>\n<p>\u2014 Club Am\u00e9rica (@ClubAmerica) <a href=\"https:\/\/twitter.com\/ClubAmerica\/status\/755145283042938881\">18 de julio de 2016<\/a><\/p><\/blockquote>\n<p><script src=\"\/\/platform.twitter.com\/widgets.js\" async=\"\" charset=\"utf-8\"><\/script><\/p>\n<p>En tanto, <strong>Hugo Gonz\u00e1lez<\/strong> tendr\u00eda una oportunidad de oro para custodiar el marco <em>azulcrema<\/em>\u00a0en la segunda fecha del certamen ante Toluca, y quiz\u00e1 tambi\u00e9n para la jornada 3, donde enfrentar\u00e1n a Tigres; todo en funci\u00f3n del alcance de la lesi\u00f3n de <em>Moy.<\/em><\/p>\n<p>Las<em> \u00c1guilas\u00a0<\/em>entrenaron este lunes previo a su debut en el torneo de Copa MX, en el que enfrentar\u00e1n este mi\u00e9rcoles a <em>Venados<\/em>, cotejo para el cual el arquero <strong>Hugo Gonz\u00e1lez<\/strong> se alista para\u00a0jugar de arranque.<\/p>\n","protected":false},"excerpt":{"rendered":"<p>El portero del Am\u00e9rica padece una lesi\u00f3n muscular<\/p>\n","protected":false},"author":20,"featured_media":411565,"comment_status":"closed","ping_status":"closed","sticky":false,"template":"","format":"standard","meta":[],"categories":[5,2198,3845],"tags":[5959,6927,64],"_links":{"self":[{"href":"http:\/\/desarrollo.grupomedios.com\/futbol\/wp-json\/wp\/v2\/posts\/411556"}],"collection":[{"href":"http:\/\/desarrollo.grupomedios.com\/futbol\/wp-json\/wp\/v2\/posts"}],"about":[{"href":"http:\/\/desarrollo.grupomedios.com\/futbol\/wp-json\/wp\/v2\/types\/post"}],"author":[{"embeddable":true,"href":"http:\/\/desarrollo.grupomedios.com\/futbol\/wp-json\/wp\/v2\/users\/20"}],"replies":[{"embeddable":true,"href":"http:\/\/desarrollo.grupomedios.com\/futbol\/wp-json\/wp\/v2\/comments?post=411556"}],"version-history":[{"count":0,"href":"http:\/\/desarrollo.grupomedios.com\/futbol\/wp-json\/wp\/v2\/posts\/411556\/revisions"}],"wp:featuredmedia":[{"embeddable":true,"href":"http:\/\/desarrollo.grupomedios.com\/futbol\/wp-json\/wp\/v2\/media\/411565"}],"wp:attachment":[{"href":"http:\/\/desarrollo.grupomedios.com\/futbol\/wp-json\/wp\/v2\/media?parent=411556"}],"wp:term":[{"taxonomy":"category","embeddable":true,"href":"http:\/\/desarrollo.grupomedios.com\/futbol\/wp-json\/wp\/v2\/categories?post=411556"},{"taxonomy":"post_tag","embeddable":true,"href":"http:\/\/desarrollo.grupomedios.com\/futbol\/wp-json\/wp\/v2\/tags?post=411556"}],"curies":[{"name":"wp","href":"https:\/\/api.w.org\/{rel}","templated":true}]}}