{"id":411569,"date":"2016-07-18T15:24:09","date_gmt":"2016-07-18T20:24:09","guid":{"rendered":"http:\/\/www.futboltotal.com.mx\/?p=411569"},"modified":"2016-07-18T15:24:09","modified_gmt":"2016-07-18T20:24:09","slug":"las-emociones-jornada-1-del-ap16","status":"publish","type":"post","link":"http:\/\/desarrollo.grupomedios.com\/futbol\/videos\/las-emociones-jornada-1-del-ap16\/2016\/07","title":{"rendered":"Las EMOCIONES de&#8230; Jornada 1 del AP16"},"content":{"rendered":"<p>Se jug\u00f3 la <a href=\"http:\/\/www.futboltotal.com.mx\/resultados\/resultados-liga-mx\/\">primera jornada\u00a0del <strong>Apertura\u00a02016<\/strong><\/a>\u00a0de la\u00a0<strong><a href=\"http:\/\/www.futboltotal.com.mx\/estadisticas\/estadisticas-liga-mx\/\">Liga MX<\/a><\/strong>. Los 18 equipos mostraron sus armas. Y todo se conjug\u00f3 para vivir un electrizante fin de semana\u00a0que dej\u00f3 un mont\u00f3n de cosas para re\u00edr, analizar y, sobre todo, para conversar sobre lo que depara el naciente\u00a0torneo <em>azteca<\/em>.<\/p>\n<p>En\u00a0Futbol Total\u00a0no lo pasamos desapercibido, por ello te presentamos las EMOCIONES de la primera jornada del\u00a0<strong><a href=\"http:\/\/www.futboltotal.com.mx\/futbol-mexicano\/\">Apertura 2016<\/a>\u00a0<\/strong>con el recuento de las sensaciones tras un intenso fin de semana futbolero. \u00a1Rev\u00edvelas!<\/p>\n<p>[video_player]https:\/\/player.vimeo.com\/external\/175278064.hd.mp4?s=20a4b2b8a7c7b05758a98b6cf896e40d3fbd803d&amp;profile_id=174[\/video_player]<\/p>\n<p>&nbsp;<\/p>\n","protected":false},"excerpt":{"rendered":"<p>Recuento de las sensaciones tras un intenso fin de semana<\/p>\n","protected":false},"author":20,"featured_media":411571,"comment_status":"closed","ping_status":"closed","sticky":false,"template":"","format":"standard","meta":[],"categories":[2198,3845,4],"tags":[6927,7055],"_links":{"self":[{"href":"http:\/\/desarrollo.grupomedios.com\/futbol\/wp-json\/wp\/v2\/posts\/411569"}],"collection":[{"href":"http:\/\/desarrollo.grupomedios.com\/futbol\/wp-json\/wp\/v2\/posts"}],"about":[{"href":"http:\/\/desarrollo.grupomedios.com\/futbol\/wp-json\/wp\/v2\/types\/post"}],"author":[{"embeddable":true,"href":"http:\/\/desarrollo.grupomedios.com\/futbol\/wp-json\/wp\/v2\/users\/20"}],"replies":[{"embeddable":true,"href":"http:\/\/desarrollo.grupomedios.com\/futbol\/wp-json\/wp\/v2\/comments?post=411569"}],"version-history":[{"count":0,"href":"http:\/\/desarrollo.grupomedios.com\/futbol\/wp-json\/wp\/v2\/posts\/411569\/revisions"}],"wp:featuredmedia":[{"embeddable":true,"href":"http:\/\/desarrollo.grupomedios.com\/futbol\/wp-json\/wp\/v2\/media\/411571"}],"wp:attachment":[{"href":"http:\/\/desarrollo.grupomedios.com\/futbol\/wp-json\/wp\/v2\/media?parent=411569"}],"wp:term":[{"taxonomy":"category","embeddable":true,"href":"http:\/\/desarrollo.grupomedios.com\/futbol\/wp-json\/wp\/v2\/categories?post=411569"},{"taxonomy":"post_tag","embeddable":true,"href":"http:\/\/desarrollo.grupomedios.com\/futbol\/wp-json\/wp\/v2\/tags?post=411569"}],"curies":[{"name":"wp","href":"https:\/\/api.w.org\/{rel}","templated":true}]}}