{"id":411578,"date":"2016-07-18T15:54:45","date_gmt":"2016-07-18T20:54:45","guid":{"rendered":"http:\/\/www.futboltotal.com.mx\/?p=411578"},"modified":"2016-07-18T17:38:42","modified_gmt":"2016-07-18T22:38:42","slug":"moises-munoz-presenta-canal-tv-gratis","status":"publish","type":"post","link":"http:\/\/desarrollo.grupomedios.com\/futbol\/videos\/moises-munoz-presenta-canal-tv-gratis\/2016\/07","title":{"rendered":"Moy Mu\u00f1oz presenta su canal&#8230; \u00a1Ser\u00e1 GRATIS!"},"content":{"rendered":"<p>El portero del <a href=\"http:\/\/www.futboltotal.com.mx\/equipos\/america\/\" target=\"_blank\"><strong>Am\u00e9rica<\/strong><\/a>, <strong>Mois\u00e9s Mu\u00f1oz<\/strong>, est\u00e1 preocupado, deportivamente, pues podr\u00eda quedar fuera de la actividad durante algunas jornadas de Liga MX, luego de sufrir una lesi\u00f3n en la jornada 1 del Apertura 2016; sin embargo, el cancerbero aprovecha bien el mal tiempo, pues en sus redes sociales anuncia que &#8220;competir\u00e1&#8221; con Chivas TV.<\/p>\n<p>A trav\u00e9s de su cuenta de Twitter, <strong>Mois\u00e9s Mu\u00f1oz<\/strong> anunci\u00f3 que abrir\u00e1 su canal de<em> Youtube<\/em>, el cual se llamar\u00e1\u00a0<em>MoyMuTV<\/em>. Lo curioso es que se mofa de Chivas TV y sus precios, pues el servicio que ofrecer\u00e1 el guardameta no costar\u00e1 ni un centavo a los usuarios. El lanzamiento del espacio ser\u00e1 la noche de este 18 de julio.<\/p>\n<p style=\"text-align: center;\"><span style=\"color: #3366ff;\"><a style=\"color: #3366ff;\" href=\"http:\/\/www.futboltotal.com.mx\/2016\/07\/munoz-lesionado-hugo-gonzalez-al-quite\/\" target=\"_blank\"><strong>LEER M\u00c1S: Moi podr\u00eda ser baja de Am\u00e9rica<\/strong><\/a><\/span><\/p>\n<blockquote class=\"twitter-tweet\" data-lang=\"es\">\n<p dir=\"ltr\" lang=\"es\">No se pierdan hoy por la noche el lanzamiento de <a href=\"https:\/\/twitter.com\/hashtag\/MoyMuTV?src=hash\">#MoyMuTV<\/a> mi canal de YouTube, est\u00e9n pendientes.<a href=\"https:\/\/twitter.com\/hashtag\/Gratis?src=hash\">#Gratis<\/a> <a href=\"https:\/\/twitter.com\/hashtag\/futbol?src=hash\">#futbol<\/a> <a href=\"https:\/\/t.co\/b3Qe0mhBNd\">pic.twitter.com\/b3Qe0mhBNd<\/a><\/p>\n<p>\u2014 Moises Mu\u00f1oz (@MoyMu23) <a href=\"https:\/\/twitter.com\/MoyMu23\/status\/755135207796125696\">18 de julio de 2016<\/a><\/p><\/blockquote>\n<p><script src=\"\/\/platform.twitter.com\/widgets.js\" async=\"\" charset=\"utf-8\"><\/script><\/p>\n","protected":false},"excerpt":{"rendered":"<p>El cancerbero aprovecha su inactividad, adem\u00e1s de mofarse de Chivas<\/p>\n","protected":false},"author":20,"featured_media":411579,"comment_status":"closed","ping_status":"closed","sticky":false,"template":"","format":"standard","meta":[],"categories":[5419,2198,4,6433],"tags":[5460,635],"_links":{"self":[{"href":"http:\/\/desarrollo.grupomedios.com\/futbol\/wp-json\/wp\/v2\/posts\/411578"}],"collection":[{"href":"http:\/\/desarrollo.grupomedios.com\/futbol\/wp-json\/wp\/v2\/posts"}],"about":[{"href":"http:\/\/desarrollo.grupomedios.com\/futbol\/wp-json\/wp\/v2\/types\/post"}],"author":[{"embeddable":true,"href":"http:\/\/desarrollo.grupomedios.com\/futbol\/wp-json\/wp\/v2\/users\/20"}],"replies":[{"embeddable":true,"href":"http:\/\/desarrollo.grupomedios.com\/futbol\/wp-json\/wp\/v2\/comments?post=411578"}],"version-history":[{"count":0,"href":"http:\/\/desarrollo.grupomedios.com\/futbol\/wp-json\/wp\/v2\/posts\/411578\/revisions"}],"wp:featuredmedia":[{"embeddable":true,"href":"http:\/\/desarrollo.grupomedios.com\/futbol\/wp-json\/wp\/v2\/media\/411579"}],"wp:attachment":[{"href":"http:\/\/desarrollo.grupomedios.com\/futbol\/wp-json\/wp\/v2\/media?parent=411578"}],"wp:term":[{"taxonomy":"category","embeddable":true,"href":"http:\/\/desarrollo.grupomedios.com\/futbol\/wp-json\/wp\/v2\/categories?post=411578"},{"taxonomy":"post_tag","embeddable":true,"href":"http:\/\/desarrollo.grupomedios.com\/futbol\/wp-json\/wp\/v2\/tags?post=411578"}],"curies":[{"name":"wp","href":"https:\/\/api.w.org\/{rel}","templated":true}]}}