{"id":411589,"date":"2016-07-18T17:37:01","date_gmt":"2016-07-18T22:37:01","guid":{"rendered":"http:\/\/www.futboltotal.com.mx\/?p=411589"},"modified":"2016-07-18T17:37:01","modified_gmt":"2016-07-18T22:37:01","slug":"oribe-peralta-tunde-a-los-fans-pokemon-go","status":"publish","type":"post","link":"http:\/\/desarrollo.grupomedios.com\/futbol\/cambio-de-juego\/oribe-peralta-tunde-a-los-fans-pokemon-go\/2016\/07","title":{"rendered":"\u00a1Oribe Peralta tunde a los fans de Pokemon!"},"content":{"rendered":"<p>La fiebre de <strong>Pokemon Go<\/strong> ha causado impresiones en distintas partes del mundo, y M\u00e9xico no fue la excepci\u00f3n, pues varios equipos de la Liga MX se han sumado a la tendencia; sin embargo, ya hay fuertes detractores, entre ellos se encuentra, <strong>Oribe Peralta<\/strong>.<\/p>\n<p>El delantero del <a href=\"http:\/\/www.futboltotal.com.mx\/equipos\/america\/\" target=\"_blank\"><strong>Am\u00e9rica<\/strong><\/a> y de la <a href=\"http:\/\/www.futboltotal.com.mx\/futbol-mexicano\/seleccion-mexicana\/\" target=\"_blank\"><strong>Selecci\u00f3n Mexicana Sub-23<\/strong><\/a>, lanz\u00f3 una fuerte indirecta, a todos los fans de la serie <strong>Pokemon<\/strong>, y en particular, de los que ya est\u00e1n jugando en la aplicaci\u00f3n para m\u00f3viles, pues los ve como unos in\u00fatiles.<\/p>\n<p style=\"text-align: center;\"><span style=\"color: #3366ff;\"><a style=\"color: #3366ff;\" href=\"http:\/\/www.futboltotal.com.mx\/2016\/07\/moises-munoz-presenta-canal-tv-gratis\/\" target=\"_blank\"><strong>LEER M\u00c1S: Moi Mu\u00f1oz competir\u00eda con Chivas TV<\/strong><\/a><\/span><\/p>\n<blockquote class=\"twitter-tweet\" data-lang=\"es\">\n<p dir=\"ltr\" lang=\"es\">Frase motivadora de la semana  <a href=\"https:\/\/t.co\/Ym0WkfSb7q\">pic.twitter.com\/Ym0WkfSb7q<\/a><\/p>\n<p>\u2014 Oribe Peralta (@OribePeralta) <a href=\"https:\/\/twitter.com\/OribePeralta\/status\/755110297409421312\">18 de julio de 2016<\/a><\/p><\/blockquote>\n<p><script src=\"\/\/platform.twitter.com\/widgets.js\" async=\"\" charset=\"utf-8\"><\/script><\/p>\n<p>Al respecto, su amigo Yasser Corona, tuvo que intervenir, pues para el zaguero de Xolos, <strong>Pokemon<\/strong> es una buena producci\u00f3n animada y se le debe respetar; por tanto, decidi\u00f3 enviarle el siguiente tweet.<\/p>\n<blockquote class=\"twitter-tweet\" data-lang=\"es\"><p>\nMira <a href=\"https:\/\/twitter.com\/OribePeralta\">@OribePeralta<\/a> puedes ser lo hermoso que quieras, pero con Pokemon no te metas. <a href=\"https:\/\/t.co\/T3T2ejScgC\">pic.twitter.com\/T3T2ejScgC<\/a><\/p>\n<p>\u2014 Yasser Corona (@yasscorona) <a href=\"https:\/\/twitter.com\/yasscorona\/status\/755140972128772096\">18 de julio de 2016<\/a>\n<\/p><\/blockquote>\n<p><script src=\"\/\/platform.twitter.com\/widgets.js\" async=\"\" charset=\"utf-8\"><\/script><\/p>\n<p>\u00bfA qui\u00e9n de los dos apoyas, <em>crack<\/em>?<\/p>\n","protected":false},"excerpt":{"rendered":"<p>El delantero azulcrema env\u00eda contundente imagen<\/p>\n","protected":false},"author":20,"featured_media":411590,"comment_status":"closed","ping_status":"closed","sticky":false,"template":"","format":"standard","meta":[],"categories":[5419],"tags":[62,7254],"_links":{"self":[{"href":"http:\/\/desarrollo.grupomedios.com\/futbol\/wp-json\/wp\/v2\/posts\/411589"}],"collection":[{"href":"http:\/\/desarrollo.grupomedios.com\/futbol\/wp-json\/wp\/v2\/posts"}],"about":[{"href":"http:\/\/desarrollo.grupomedios.com\/futbol\/wp-json\/wp\/v2\/types\/post"}],"author":[{"embeddable":true,"href":"http:\/\/desarrollo.grupomedios.com\/futbol\/wp-json\/wp\/v2\/users\/20"}],"replies":[{"embeddable":true,"href":"http:\/\/desarrollo.grupomedios.com\/futbol\/wp-json\/wp\/v2\/comments?post=411589"}],"version-history":[{"count":0,"href":"http:\/\/desarrollo.grupomedios.com\/futbol\/wp-json\/wp\/v2\/posts\/411589\/revisions"}],"wp:featuredmedia":[{"embeddable":true,"href":"http:\/\/desarrollo.grupomedios.com\/futbol\/wp-json\/wp\/v2\/media\/411590"}],"wp:attachment":[{"href":"http:\/\/desarrollo.grupomedios.com\/futbol\/wp-json\/wp\/v2\/media?parent=411589"}],"wp:term":[{"taxonomy":"category","embeddable":true,"href":"http:\/\/desarrollo.grupomedios.com\/futbol\/wp-json\/wp\/v2\/categories?post=411589"},{"taxonomy":"post_tag","embeddable":true,"href":"http:\/\/desarrollo.grupomedios.com\/futbol\/wp-json\/wp\/v2\/tags?post=411589"}],"curies":[{"name":"wp","href":"https:\/\/api.w.org\/{rel}","templated":true}]}}