{"id":411601,"date":"2016-07-18T17:56:12","date_gmt":"2016-07-18T22:56:12","guid":{"rendered":"http:\/\/www.futboltotal.com.mx\/?p=411601"},"modified":"2016-07-18T17:56:12","modified_gmt":"2016-07-18T22:56:12","slug":"golpe-sepulto-a-cesar-villaluz","status":"publish","type":"post","link":"http:\/\/desarrollo.grupomedios.com\/futbol\/videos\/golpe-sepulto-a-cesar-villaluz\/2016\/07","title":{"rendered":"El golpe que sepult\u00f3 a C\u00e9sar Villaluz"},"content":{"rendered":"<p>[video_player]https:\/\/player.vimeo.com\/external\/175296381.hd.mp4?s=fb11fba33cd87bb2122be0f8cad5924433838547&amp;profile_id=174[\/video_player]<\/p>\n<p>Miembro de una generaci\u00f3n dorada e hist\u00f3rica, <strong>C\u00e9sar Villaluz<\/strong> era una de las promesas del futbol mexicano.<\/p>\n<p>Luego del t\u00edtulo en el Mundial Sub-17 en Per\u00fa, el chamaco crec\u00eda a pasos agigantados.\u00a0De la mano del entrenador uruguayo Sergio Markari\u00e1n, el volante mexicano ascend\u00eda sorprendentemente, al grado de convertirse en un elemento indispensable en el esquema de <strong>Cruz Azul<\/strong>.<\/p>\n<p style=\"text-align: center;\"><strong><span style=\"color: #3366ff;\">LEER M\u00c1S:\u00a0<a style=\"color: #3366ff;\" href=\"http:\/\/www.futboltotal.com.mx\/2016\/07\/11-ideal-eternas-promesas-mexico\/\">11 ideal de\u2026 \u00a1eternas promesas de M\u00e9xico!<\/a><\/span><\/strong><\/p>\n<p>Sin embargo, un golpe fren\u00f3 su mete\u00f3rico ascenso\u2026 Sin m\u00e1s, \u00a1fren\u00f3 salvajemente la ascendente carreta de\u00a0<strong>C\u00e9sar Villaluz<\/strong>!<\/p>\n<p>En la Gran Final del Apertura 2008, <strong>C\u00e9sar<\/strong> buscaba el esf\u00e9rico en el \u00e1rea del Toluca\u00a0y al intentar controlar el bal\u00f3n fue embestido por Jos\u00e9 Manuel Cruzalta.\u00a0El joven <em>cementero<\/em> no pudo seguir en la batalla y tuvo que ser trasladado a un hospital.<\/p>\n<p style=\"text-align: center;\"><span style=\"color: #3366ff;\"><strong><a style=\"color: #3366ff;\" href=\"http:\/\/www.futboltotal.com.mx\/2016\/07\/promesas-terminaron-en-ascenso-mx-2\/\">LEER M\u00c1S: Promesas que terminaron en el Ascenso MX<\/a><\/strong><\/span><\/p>\n<p><strong>C\u00e9sar Villaluz<\/strong> se recuper\u00f3, pero s\u00f3lo en cuerpo\u2026 no en alma. Desde aquel caprichoso golpe, desapareci\u00f3 el talento y garra del joven futbolista.<\/p>\n<p>Hoy, tras deambular en equipos de Liga MX, <strong>Villaluz<\/strong> juega en el Ascenso MX, en busca de REENCONTRAR esa magia\u00a0que perdi\u00f3 en la <em>Infernal Bombonera<\/em>.<\/p>\n","protected":false},"excerpt":{"rendered":"<p>El canterano de Cruz Azul perdi\u00f3 la magia en la Infernal Bombonera<\/p>\n","protected":false},"author":20,"featured_media":411602,"comment_status":"closed","ping_status":"closed","sticky":false,"template":"","format":"standard","meta":[],"categories":[2198,3845,4],"tags":[5962,6470],"_links":{"self":[{"href":"http:\/\/desarrollo.grupomedios.com\/futbol\/wp-json\/wp\/v2\/posts\/411601"}],"collection":[{"href":"http:\/\/desarrollo.grupomedios.com\/futbol\/wp-json\/wp\/v2\/posts"}],"about":[{"href":"http:\/\/desarrollo.grupomedios.com\/futbol\/wp-json\/wp\/v2\/types\/post"}],"author":[{"embeddable":true,"href":"http:\/\/desarrollo.grupomedios.com\/futbol\/wp-json\/wp\/v2\/users\/20"}],"replies":[{"embeddable":true,"href":"http:\/\/desarrollo.grupomedios.com\/futbol\/wp-json\/wp\/v2\/comments?post=411601"}],"version-history":[{"count":0,"href":"http:\/\/desarrollo.grupomedios.com\/futbol\/wp-json\/wp\/v2\/posts\/411601\/revisions"}],"wp:featuredmedia":[{"embeddable":true,"href":"http:\/\/desarrollo.grupomedios.com\/futbol\/wp-json\/wp\/v2\/media\/411602"}],"wp:attachment":[{"href":"http:\/\/desarrollo.grupomedios.com\/futbol\/wp-json\/wp\/v2\/media?parent=411601"}],"wp:term":[{"taxonomy":"category","embeddable":true,"href":"http:\/\/desarrollo.grupomedios.com\/futbol\/wp-json\/wp\/v2\/categories?post=411601"},{"taxonomy":"post_tag","embeddable":true,"href":"http:\/\/desarrollo.grupomedios.com\/futbol\/wp-json\/wp\/v2\/tags?post=411601"}],"curies":[{"name":"wp","href":"https:\/\/api.w.org\/{rel}","templated":true}]}}