{"id":411672,"date":"2016-07-19T12:21:30","date_gmt":"2016-07-19T17:21:30","guid":{"rendered":"http:\/\/www.futboltotal.com.mx\/?p=411672"},"modified":"2016-07-19T12:59:20","modified_gmt":"2016-07-19T17:59:20","slug":"italia-presento-a-nuevo-entrenador","status":"publish","type":"post","link":"http:\/\/desarrollo.grupomedios.com\/futbol\/futbol-internacional\/italia-presento-a-nuevo-entrenador\/2016\/07","title":{"rendered":"Italia define al sustituto de Antonio Conte"},"content":{"rendered":"<p>La Federaci\u00f3n de F\u00fatbol italiana (FIGC) present\u00f3 hoy a <strong>Giampiero Ventura<\/strong> como nuevo seleccionador nacional en sustituci\u00f3n de Antonio Conte.<\/p>\n<p>Ventura (G\u00e9nova, 1948), que tiene contrato para dirigir a los <em>azzurri<\/em>\u00a0hasta el Mundial de Rusia 2018, entren\u00f3 al Torino en las \u00faltimas cinco temporadas y es considerado como uno de los t\u00e9cnicos m\u00e1s preparados del f\u00fatbol italiano.<\/p>\n<blockquote class=\"twitter-tweet\" data-lang=\"es\">\n<p dir=\"ltr\" lang=\"en\">Giampiero <a href=\"https:\/\/twitter.com\/hashtag\/Ventura?src=hash\">#Ventura<\/a>&#8216;s managerial career in pictures. The new <a href=\"https:\/\/twitter.com\/hashtag\/Azzurri?src=hash\">#Azzurri<\/a> coach will be unveiled today, live on <a href=\"https:\/\/twitter.com\/hashtag\/YouTube?src=hash\">#YouTube<\/a>. <a href=\"https:\/\/t.co\/WuJKrgISs3\">pic.twitter.com\/WuJKrgISs3<\/a><\/p>\n<p>\u2014 Italy (@azzurri) <a href=\"https:\/\/twitter.com\/azzurri\/status\/755352826663018496\">19 de julio de 2016<\/a><\/p><\/blockquote>\n<p><script src=\"\/\/platform.twitter.com\/widgets.js\" async=\"\" charset=\"utf-8\"><\/script><\/p>\n<p>En la rueda de prensa de presentaci\u00f3n, el presidente de la FIGC, Carlo Tavecchio, le defini\u00f3 como un &#8220;maestro de f\u00fatbol&#8221; y agradeci\u00f3 al anterior seleccionador Antonio Conte por el trabajo realizado.<\/p>\n<p>&#8220;Agradezco a Conte lo que hizo, dio una imagen nueva de nosotros, cre\u00f3 un estilo de compromiso, esfuerzo por el equipo y no por las individualidades. <strong>Ventura<\/strong> es un maestro del f\u00fatbol. Siempre estuvo en mi idea como futuro entrenador de la selecci\u00f3n&#8221;, declar\u00f3 Tavecchio.<\/p>\n<p><strong>Ventura<\/strong> destac\u00f3 que est\u00e1 muy orgulloso de llegar al banquillo de los <em>azzurri<\/em>\u00a0y que el anterior seleccionador le dej\u00f3 un equipo caracterizado por la &#8220;cultura del trabajo&#8221;.<\/p>\n<p><span style=\"color: #3366ff;\">LEER M\u00c1S:\u00a0<a style=\"color: #3366ff;\" href=\"http:\/\/www.futboltotal.com.mx\/2016\/07\/almeyda-de-chivas-a-argentina\/\">Mat\u00edas Almeyda revela cl\u00e1usula especial<\/a><\/span><\/p>\n<p>&#8220;Estoy feliz por estar aqu\u00ed pero sobre todo estoy orgulloso por haber sido elegido para representar a uno de los pa\u00edses m\u00e1s importantes a nivel futbol\u00edstico. Agradezco a Conte, porque me dej\u00f3 un equipo con conocimientos, con cultura del trabajo. Esto me permite empezar con una ventaja&#8221;, afirm\u00f3.<\/p>\n<p>El exentrenador del Torino expres\u00f3 su voluntad de mejorar a la selecci\u00f3n en los &#8220;detalles&#8221;.<\/p>\n<p>&#8220;Cuando hay un f\u00fatbol organizado puedes mejorarlo en los detalles. Lo que hizo Conte en poco tiempo fue importante y ahora podr\u00e9 dedicarme a los detalles y de aqu\u00ed nace la posibilidad de hacerlo muy bien&#8221;, declar\u00f3.<\/p>\n<p>&#8220;La selecci\u00f3n de Conte era humilde, determinada y feroz. Yo quiero que la m\u00eda sea excitante, pero sin perder las otras cualidades&#8221;, agreg\u00f3.<\/p>\n<p>El nuevo seleccionador italiano subray\u00f3 que el planteamiento defensivo definido como <em>catenaccio<\/em> ya no es algo propio del pa\u00eds transalpino y que lo importante es &#8220;saber crear espacios&#8221;.<\/p>\n<p><span style=\"color: #3366ff;\">LEER M\u00c1S:\u00a0<a style=\"color: #3366ff;\" href=\"http:\/\/www.futboltotal.com.mx\/2016\/07\/barcelona-renovo-con-qatar-airways\/\">Barcelona ya tiene patrocinador para su camiseta<\/a><\/span><\/p>\n<p>&#8220;Hubo una evoluci\u00f3n t\u00e1ctica y hoy no hay equipo que no est\u00e9 con diez hombres detr\u00e1s de la l\u00ednea del bal\u00f3n cuando defiende. Luego lo importante es saber crear espacios, aprovecharlos y elegir el mejor pase disponible&#8221;, asegur\u00f3.<\/p>\n<p>El entrenador genov\u00e9s presentar\u00e1 su primera convocatoria a finales de agosto, cuando empezar\u00e1 a preparar su debut oficial, el 1 de septiembre en un amistoso contra Francia. EFE<\/p>\n<blockquote class=\"twitter-tweet\" data-lang=\"es\"><p>\nGiampiero <a href=\"https:\/\/twitter.com\/hashtag\/Ventura?src=hash\">#Ventura<\/a>&#8216;s first press conference as <a href=\"https:\/\/twitter.com\/hashtag\/Italy?src=hash\">#Italy<\/a> head coach is live on <a href=\"https:\/\/twitter.com\/hashtag\/Periscope?src=hash\">#Periscope<\/a>: <a href=\"https:\/\/t.co\/7MsQ17eujO\">https:\/\/t.co\/7MsQ17eujO<\/a><\/p>\n<p>\u2014 Italy (@azzurri) <a href=\"https:\/\/twitter.com\/azzurri\/status\/755405020380749825\">19 de julio de 2016<\/a>\n<\/p><\/blockquote>\n<p><script src=\"\/\/platform.twitter.com\/widgets.js\" async=\"\" charset=\"utf-8\"><\/script><\/p>\n","protected":false},"excerpt":{"rendered":"<p>Ventura seguir\u00e1 el camino rumbo al Mundial de 2018<\/p>\n","protected":false},"author":144,"featured_media":411677,"comment_status":"closed","ping_status":"closed","sticky":false,"template":"","format":"standard","meta":[],"categories":[3839,5951],"tags":[6214,292],"_links":{"self":[{"href":"http:\/\/desarrollo.grupomedios.com\/futbol\/wp-json\/wp\/v2\/posts\/411672"}],"collection":[{"href":"http:\/\/desarrollo.grupomedios.com\/futbol\/wp-json\/wp\/v2\/posts"}],"about":[{"href":"http:\/\/desarrollo.grupomedios.com\/futbol\/wp-json\/wp\/v2\/types\/post"}],"author":[{"embeddable":true,"href":"http:\/\/desarrollo.grupomedios.com\/futbol\/wp-json\/wp\/v2\/users\/144"}],"replies":[{"embeddable":true,"href":"http:\/\/desarrollo.grupomedios.com\/futbol\/wp-json\/wp\/v2\/comments?post=411672"}],"version-history":[{"count":0,"href":"http:\/\/desarrollo.grupomedios.com\/futbol\/wp-json\/wp\/v2\/posts\/411672\/revisions"}],"wp:featuredmedia":[{"embeddable":true,"href":"http:\/\/desarrollo.grupomedios.com\/futbol\/wp-json\/wp\/v2\/media\/411677"}],"wp:attachment":[{"href":"http:\/\/desarrollo.grupomedios.com\/futbol\/wp-json\/wp\/v2\/media?parent=411672"}],"wp:term":[{"taxonomy":"category","embeddable":true,"href":"http:\/\/desarrollo.grupomedios.com\/futbol\/wp-json\/wp\/v2\/categories?post=411672"},{"taxonomy":"post_tag","embeddable":true,"href":"http:\/\/desarrollo.grupomedios.com\/futbol\/wp-json\/wp\/v2\/tags?post=411672"}],"curies":[{"name":"wp","href":"https:\/\/api.w.org\/{rel}","templated":true}]}}