{"id":411702,"date":"2016-07-19T14:15:29","date_gmt":"2016-07-19T19:15:29","guid":{"rendered":"http:\/\/www.futboltotal.com.mx\/?p=411702"},"modified":"2016-07-19T14:15:50","modified_gmt":"2016-07-19T19:15:50","slug":"jorge-chaton-enriquez-denuncia-acoso-sexual-homosexual","status":"publish","type":"post","link":"http:\/\/desarrollo.grupomedios.com\/futbol\/futbol-mexicano\/ascenso-mx\/jorge-chaton-enriquez-denuncia-acoso-sexual-homosexual\/2016\/07","title":{"rendered":"\u00a1Chat\u00f3n denuncia acoso sexual!"},"content":{"rendered":"<p>El futbolista del <strong>Coras Tepic<\/strong>, <strong>Jorge<\/strong> <em>el Chat\u00f3n<\/em> <strong>Enr\u00edquez<\/strong>, denunci\u00f3 a trav\u00e9s de su cuenta de Twitter, que sufri\u00f3 de acoso en un gimnasio, situaci\u00f3n que le incomod\u00f3, porque lo sufri\u00f3 por parte de una persona homosexual, pese a que el futbolista es tolerante y abierto a los intereses sexuales de las personas.<\/p>\n<p>En una publicaci\u00f3n de sus redes sociales, el <em>Chat\u00f3n<\/em> comparti\u00f3 el respeto que tiene hacia las personas homosexuales, pero que sufri\u00f3 de acoso de uno de ellos. La respuesta de la afici\u00f3n fue inmediata, aunque la mayor\u00eda de los comentarios, eran despectivos.<\/p>\n<blockquote class=\"twitter-tweet\" data-lang=\"es\">\n<p dir=\"ltr\" lang=\"es\">Soy muy respetuoso y tolerante con la comunidad Gay inclusive los apoyo en toda su labor por la igualdad y no discriminar pero&#8230;<\/p>\n<p>\u2014 J. E N R I Q U E Z (@chatonoficial) <a href=\"https:\/\/twitter.com\/chatonoficial\/status\/755238799714557957\">19 de julio de 2016<\/a><\/p><\/blockquote>\n<p><script src=\"\/\/platform.twitter.com\/widgets.js\" async=\"\" charset=\"utf-8\"><\/script><\/p>\n<blockquote class=\"twitter-tweet\" data-lang=\"es\"><p>\nQue incomodo es que te acosen en el ba\u00f1o sauna o vestidores del gym&#8230;. En fin <a href=\"https:\/\/twitter.com\/hashtag\/NoSeConfundan?src=hash\">#NoSeConfundan<\/a><\/p>\n<p>\u2014 J. E N R I Q U E Z (@chatonoficial) <a href=\"https:\/\/twitter.com\/chatonoficial\/status\/755239155613839360\">19 de julio de 2016<\/a>\n<\/p><\/blockquote>\n<p><script src=\"\/\/platform.twitter.com\/widgets.js\" async=\"\" charset=\"utf-8\"><\/script><\/p>\n<p style=\"text-align: center;\"><span style=\"color: #3366ff;\"><a style=\"color: #3366ff;\" href=\"http:\/\/www.futboltotal.com.mx\/2016\/07\/en-vivo-cruz-azul-vs-coras-copa-mx\/\" target=\"_blank\"><strong>LEER M\u00c1S: Chat\u00f3n y Coras se miden ante Cruz Azul en Copa MX<\/strong><\/a><\/span><\/p>\n<p><strong>Jorge Enr\u00edquez<\/strong> no tuvo actividad con <strong>Coras Tepic<\/strong> en el inicio del torneo de Ascenso MX, donde el club nayarita gan\u00f3 su primer partido, dirigido por Ram\u00f3n Morales, con resultado de 4-0 sobre Cafetaleros de Tapachula. El <em>Chat\u00f3n<\/em> podr\u00eda jugar en el partido de este 19 de julio ante Cruz Azul, en la Copa MX.<\/p>\n<p><span style=\"color: #ff0000;\">VIDEO: El golpe que sepult\u00f3 a Villaluz<\/span><\/p>\n<p>[video_player]https:\/\/player.vimeo.com\/external\/175296381.hd.mp4?s=fb11fba33cd87bb2122be0f8cad5924433838547&amp;profile_id=174[\/video_player]<\/p>\n","protected":false},"excerpt":{"rendered":"<p>Enr\u00edquez se\u00f1ala que un gay lo acechaba<\/p>\n","protected":false},"author":20,"featured_media":411703,"comment_status":"closed","ping_status":"closed","sticky":false,"template":"","format":"standard","meta":[],"categories":[3843,5419],"tags":[432,5460,5513,890],"_links":{"self":[{"href":"http:\/\/desarrollo.grupomedios.com\/futbol\/wp-json\/wp\/v2\/posts\/411702"}],"collection":[{"href":"http:\/\/desarrollo.grupomedios.com\/futbol\/wp-json\/wp\/v2\/posts"}],"about":[{"href":"http:\/\/desarrollo.grupomedios.com\/futbol\/wp-json\/wp\/v2\/types\/post"}],"author":[{"embeddable":true,"href":"http:\/\/desarrollo.grupomedios.com\/futbol\/wp-json\/wp\/v2\/users\/20"}],"replies":[{"embeddable":true,"href":"http:\/\/desarrollo.grupomedios.com\/futbol\/wp-json\/wp\/v2\/comments?post=411702"}],"version-history":[{"count":0,"href":"http:\/\/desarrollo.grupomedios.com\/futbol\/wp-json\/wp\/v2\/posts\/411702\/revisions"}],"wp:featuredmedia":[{"embeddable":true,"href":"http:\/\/desarrollo.grupomedios.com\/futbol\/wp-json\/wp\/v2\/media\/411703"}],"wp:attachment":[{"href":"http:\/\/desarrollo.grupomedios.com\/futbol\/wp-json\/wp\/v2\/media?parent=411702"}],"wp:term":[{"taxonomy":"category","embeddable":true,"href":"http:\/\/desarrollo.grupomedios.com\/futbol\/wp-json\/wp\/v2\/categories?post=411702"},{"taxonomy":"post_tag","embeddable":true,"href":"http:\/\/desarrollo.grupomedios.com\/futbol\/wp-json\/wp\/v2\/tags?post=411702"}],"curies":[{"name":"wp","href":"https:\/\/api.w.org\/{rel}","templated":true}]}}