{"id":411751,"date":"2016-07-19T17:32:49","date_gmt":"2016-07-19T22:32:49","guid":{"rendered":"http:\/\/www.futboltotal.com.mx\/?p=411751"},"modified":"2016-07-19T20:33:42","modified_gmt":"2016-07-20T01:33:42","slug":"conte-define-costa-en-chelsea","status":"publish","type":"post","link":"http:\/\/desarrollo.grupomedios.com\/futbol\/futbol-internacional\/conte-define-costa-en-chelsea\/2016\/07","title":{"rendered":"Conte define el futuro de Costa en Chelsea"},"content":{"rendered":"<p>El Atl\u00e9tico de Madrid tiene que olvidarse de repescar al delantero\u00a0<strong>Diego Costa<\/strong>. Pese a que la prensa espa\u00f1ola revel\u00f3 en d\u00edas pasados que los <em>Colchoneros<\/em> negociaban con los <em>Blues\u00a0<\/em>su regreso, este martes el entrenador Antonio Conte apunt\u00f3 que el hispano-brasile\u00f1o no saldr\u00e1 del <strong>Chelsea<\/strong>.<\/p>\n<p>&#8220;Diego Costa es nuestro mejor centro delantero. Es un jugador fant\u00e1stico, con una importancia fundamental y el club ni yo queremos que se vaya&#8221;, estableci\u00f3 el t\u00e9cnico italiano en rueda de prensa.<\/p>\n<p style=\"text-align: center;\"><span style=\"color: #3366ff;\"><strong><span style=\"color: #3366ff;\"><a style=\"color: #3366ff;\" href=\"http:\/\/www.futboltotal.com.mx\/2016\/07\/mercado-fichajes-en-europa\/\">LEER M\u00c1S: Mercado de fichajes en Europa<\/a><\/span>\u00a0<\/strong><\/span><\/p>\n<p>Para evitar dudas sobre si fue el club quien se neg\u00f3 a negociar la salida de <strong>Costa<\/strong>, Conte enfatiz\u00f3: &#8220;Costa es muy feliz aqu\u00ed y est\u00e1 trabajando muy duro.<\/p>\n<p>Costa era el principal objetivo del Atl\u00e9tico de Madrid, quien pese a concretar la renovaci\u00f3n de Fernando Torres hace un par de semanas, sigue en busca de un centro delantero. Le quedaba tambi\u00e9n el argentino Luciano viento, pero el juvenil se ir\u00e1 cedido al Sevilla por una temporada.<\/p>\n<p>Conte tambi\u00e9n aprovech\u00f3 para apuntar que Juan Cuadrado, a quien fich\u00f3 el entrenador del <strong>Chelsea<\/strong>, Jos\u00e9 Mourinho, se quedar\u00e1 tambi\u00e9n en las filas del Chelsea.<\/p>\n<p>&#8220;Cuadrado es jugador del Chelsea. Me gusta el. Lleg\u00f3 hoy y esta tarde empieza a entrenar con nosotros &#8220;, acot\u00f3 Conte desde Austria, donde el Chelsea realiza la pretemporada.<\/p>\n","protected":false},"excerpt":{"rendered":"<p>El DT de los Blues explic\u00f3 qu\u00e9 pasar\u00e1 con el delantero en el verano<\/p>\n","protected":false},"author":20,"featured_media":411766,"comment_status":"closed","ping_status":"closed","sticky":false,"template":"","format":"standard","meta":[],"categories":[3839,3846,5951],"tags":[2354,5981,3205],"_links":{"self":[{"href":"http:\/\/desarrollo.grupomedios.com\/futbol\/wp-json\/wp\/v2\/posts\/411751"}],"collection":[{"href":"http:\/\/desarrollo.grupomedios.com\/futbol\/wp-json\/wp\/v2\/posts"}],"about":[{"href":"http:\/\/desarrollo.grupomedios.com\/futbol\/wp-json\/wp\/v2\/types\/post"}],"author":[{"embeddable":true,"href":"http:\/\/desarrollo.grupomedios.com\/futbol\/wp-json\/wp\/v2\/users\/20"}],"replies":[{"embeddable":true,"href":"http:\/\/desarrollo.grupomedios.com\/futbol\/wp-json\/wp\/v2\/comments?post=411751"}],"version-history":[{"count":0,"href":"http:\/\/desarrollo.grupomedios.com\/futbol\/wp-json\/wp\/v2\/posts\/411751\/revisions"}],"wp:featuredmedia":[{"embeddable":true,"href":"http:\/\/desarrollo.grupomedios.com\/futbol\/wp-json\/wp\/v2\/media\/411766"}],"wp:attachment":[{"href":"http:\/\/desarrollo.grupomedios.com\/futbol\/wp-json\/wp\/v2\/media?parent=411751"}],"wp:term":[{"taxonomy":"category","embeddable":true,"href":"http:\/\/desarrollo.grupomedios.com\/futbol\/wp-json\/wp\/v2\/categories?post=411751"},{"taxonomy":"post_tag","embeddable":true,"href":"http:\/\/desarrollo.grupomedios.com\/futbol\/wp-json\/wp\/v2\/tags?post=411751"}],"curies":[{"name":"wp","href":"https:\/\/api.w.org\/{rel}","templated":true}]}}