{"id":411752,"date":"2016-07-19T17:14:33","date_gmt":"2016-07-19T22:14:33","guid":{"rendered":"http:\/\/www.futboltotal.com.mx\/?p=411752"},"modified":"2016-07-21T18:21:31","modified_gmt":"2016-07-21T23:21:31","slug":"agenda-tv-jornada-2-apertura-2016","status":"publish","type":"post","link":"http:\/\/desarrollo.grupomedios.com\/futbol\/videos\/agenda-tv-jornada-2-apertura-2016\/2016\/07","title":{"rendered":"AGENDA TV | Jornada 2 &#8211; Apertura 2016"},"content":{"rendered":"<p>El\u00a0<strong>Apertura 2016<\/strong>\u00a0de la\u00a0<a href=\"http:\/\/www.futboltotal.com.mx\/futbol-mexicano\/\" target=\"_blank\"><strong>Liga MX<\/strong><\/a>\u00a0tendr\u00e1, en comparaci\u00f3n con el pasado torneo,\u00a0cambios significativos en materia de transmisiones de televisi\u00f3n y horarios.\u00a0Y es que muchos\u00a0equipos decidieron modificar la\u00a0hora\u00a0en que disputar\u00e1n\u00a0sus partidos de local\u00a0e incluso otros cambiaron de\u00a0televisora.<\/p>\n<p><em>Crack<\/em>, para que no te pierdas con tantas modificaciones, te dejamos la\u00a0<strong>Agenda de TV<\/strong>\u00a0de la <a href=\"http:\/\/www.futboltotal.com.mx\/resultados\/resultados-liga-mx\/?j=2\"><strong>jornada 2<\/strong>\u00a0del <strong>Apertura 2016<\/strong><\/a>, fecha que arrancar\u00e1 el pr\u00f3ximo viernes.<\/p>\n<p>[video_player]https:\/\/player.vimeo.com\/external\/175409663.hd.mp4?s=65bd7f2f26454e8920d6efaabe8cea9767cae5a6&amp;profile_id=174[\/video_player]<\/p>\n","protected":false},"excerpt":{"rendered":"<p>El pr\u00f3ximo s\u00e1bado debutar\u00e1 Chivas TV en la Liga MX<\/p>\n","protected":false},"author":20,"featured_media":411754,"comment_status":"closed","ping_status":"closed","sticky":false,"template":"","format":"standard","meta":[],"categories":[6383,2198,3845,4],"tags":[5938,6927],"_links":{"self":[{"href":"http:\/\/desarrollo.grupomedios.com\/futbol\/wp-json\/wp\/v2\/posts\/411752"}],"collection":[{"href":"http:\/\/desarrollo.grupomedios.com\/futbol\/wp-json\/wp\/v2\/posts"}],"about":[{"href":"http:\/\/desarrollo.grupomedios.com\/futbol\/wp-json\/wp\/v2\/types\/post"}],"author":[{"embeddable":true,"href":"http:\/\/desarrollo.grupomedios.com\/futbol\/wp-json\/wp\/v2\/users\/20"}],"replies":[{"embeddable":true,"href":"http:\/\/desarrollo.grupomedios.com\/futbol\/wp-json\/wp\/v2\/comments?post=411752"}],"version-history":[{"count":0,"href":"http:\/\/desarrollo.grupomedios.com\/futbol\/wp-json\/wp\/v2\/posts\/411752\/revisions"}],"wp:featuredmedia":[{"embeddable":true,"href":"http:\/\/desarrollo.grupomedios.com\/futbol\/wp-json\/wp\/v2\/media\/411754"}],"wp:attachment":[{"href":"http:\/\/desarrollo.grupomedios.com\/futbol\/wp-json\/wp\/v2\/media?parent=411752"}],"wp:term":[{"taxonomy":"category","embeddable":true,"href":"http:\/\/desarrollo.grupomedios.com\/futbol\/wp-json\/wp\/v2\/categories?post=411752"},{"taxonomy":"post_tag","embeddable":true,"href":"http:\/\/desarrollo.grupomedios.com\/futbol\/wp-json\/wp\/v2\/tags?post=411752"}],"curies":[{"name":"wp","href":"https:\/\/api.w.org\/{rel}","templated":true}]}}