{"id":411777,"date":"2016-07-19T18:18:28","date_gmt":"2016-07-19T23:18:28","guid":{"rendered":"http:\/\/www.futboltotal.com.mx\/?p=411777"},"modified":"2016-07-19T18:20:03","modified_gmt":"2016-07-19T23:20:03","slug":"le-cambia-la-voz-al-azteca","status":"publish","type":"post","link":"http:\/\/desarrollo.grupomedios.com\/futbol\/futbol-mexicano\/le-cambia-la-voz-al-azteca\/2016\/07","title":{"rendered":"\u00a1Le cambia la voz al Azteca!"},"content":{"rendered":"<p>La megafon\u00eda del <strong>estadio Azteca<\/strong> ten\u00eda poco m\u00e1s de medio siglo con la misma voz, la de<strong> Don Melquiades Orozco<\/strong>, quien desde\u00a0el 29 de mayo de 1966 se hizo cargo del sonido local durante los partidos para dar alineaciones, goles, cambios y uno que otro comercial.<\/p>\n<p>Pero para este 2016, a\u00f1o en que el Club Am\u00e9rica cumple un centenario de vida, ya no ser\u00e1 as\u00ed. Ahora a la tradicional voz de Orozco se ha sumado la de <strong>Francisco Reyes Olvera<\/strong>, <em>azulcrema<\/em> de cuna y jefe de prensa de las <em>\u00c1guilas<\/em>, cuyo debut oficial fue en la Jornada 1 del Apertura 2016, en el duelo entre Am\u00e9rica y Chiapas.<\/p>\n<p style=\"text-align: center;\"><a href=\"http:\/\/www.futboltotal.com.mx\/futbol-mexicano\/\"><span style=\"color: #3366ff;\"><strong>LEER M\u00c1S: Todas las noticias de futbol mexicano<\/strong><\/span><\/a><\/p>\n<p style=\"text-align: left;\"><iframe loading=\"lazy\" src=\"https:\/\/www.youtube.com\/embed\/Iutx06lt6Ik\" frameborder=\"0\" allowfullscreen=\"allowfullscreen\"><\/iframe><\/p>\n<p style=\"text-align: left;\">&#8220;Llega como una instrucci\u00f3n en este nuevo proyecto y proceso para ayudar al gran Melquiades Orozco. Esperamos llevarles muy buenas noticias al americanismo y a toda la gente que visita el Estadio&#8221;, afirm\u00f3 en entrevista para <em>Agenda\u00a0Fox Sports.\u00a0<\/em><\/p>\n<p style=\"text-align: left;\"><strong>Reyes Olvera<\/strong>\u00a0cont\u00f3 que la primera vez que tom\u00f3 los micr\u00f3fonos del estadio\u00a0<strong>Azteca<\/strong> fue en la pasada final de Liga de Campeones de la Concacaf en la que Am\u00e9rica fue campe\u00f3n. &#8220;Pocos los notaron, pero ese d\u00eda me traicion\u00f3 la emoci\u00f3n&#8221;, admiti\u00f3, al tiempo que cont\u00f3 que cumpli\u00f3 un sue\u00f1o.<\/p>\n<p style=\"text-align: left;\">&#8220;Cuando estudiaba la carrera de periodismo, fui a pedir trabajo al estadio\u00a0<strong>Azteca<\/strong>, corte boletos, vend\u00ed cerveza, y despu\u00e9s ped\u00ed una oportunidad para formar parte del sonido local y me la dieron. A un lado estaba Don Melquiades y me orientaba c\u00f3mo modular la voz. Despu\u00e9s de mucho tiempo ahora estoy trabajando con \u00e9l, casi, casi mi \u00eddolo&#8221;, acot\u00f3.<\/p>\n<p style=\"text-align: left;\">\n","protected":false},"excerpt":{"rendered":"<p>Don Melquiades Orozco alterna micr\u00f3fonos con americanista de cuna<\/p>\n","protected":false},"author":20,"featured_media":411778,"comment_status":"closed","ping_status":"closed","sticky":false,"template":"","format":"standard","meta":[],"categories":[5419,2198,3845],"tags":[5959,554],"_links":{"self":[{"href":"http:\/\/desarrollo.grupomedios.com\/futbol\/wp-json\/wp\/v2\/posts\/411777"}],"collection":[{"href":"http:\/\/desarrollo.grupomedios.com\/futbol\/wp-json\/wp\/v2\/posts"}],"about":[{"href":"http:\/\/desarrollo.grupomedios.com\/futbol\/wp-json\/wp\/v2\/types\/post"}],"author":[{"embeddable":true,"href":"http:\/\/desarrollo.grupomedios.com\/futbol\/wp-json\/wp\/v2\/users\/20"}],"replies":[{"embeddable":true,"href":"http:\/\/desarrollo.grupomedios.com\/futbol\/wp-json\/wp\/v2\/comments?post=411777"}],"version-history":[{"count":0,"href":"http:\/\/desarrollo.grupomedios.com\/futbol\/wp-json\/wp\/v2\/posts\/411777\/revisions"}],"wp:featuredmedia":[{"embeddable":true,"href":"http:\/\/desarrollo.grupomedios.com\/futbol\/wp-json\/wp\/v2\/media\/411778"}],"wp:attachment":[{"href":"http:\/\/desarrollo.grupomedios.com\/futbol\/wp-json\/wp\/v2\/media?parent=411777"}],"wp:term":[{"taxonomy":"category","embeddable":true,"href":"http:\/\/desarrollo.grupomedios.com\/futbol\/wp-json\/wp\/v2\/categories?post=411777"},{"taxonomy":"post_tag","embeddable":true,"href":"http:\/\/desarrollo.grupomedios.com\/futbol\/wp-json\/wp\/v2\/tags?post=411777"}],"curies":[{"name":"wp","href":"https:\/\/api.w.org\/{rel}","templated":true}]}}