{"id":411801,"date":"2016-07-19T20:26:20","date_gmt":"2016-07-20T01:26:20","guid":{"rendered":"http:\/\/www.futboltotal.com.mx\/?p=411801"},"modified":"2016-07-19T20:26:20","modified_gmt":"2016-07-20T01:26:20","slug":"drogba-ya-sabe-quien-ganara-el-balon-de-oro","status":"publish","type":"post","link":"http:\/\/desarrollo.grupomedios.com\/futbol\/futbol-internacional\/drogba-ya-sabe-quien-ganara-el-balon-de-oro\/2016\/07","title":{"rendered":"Drogba sorprende al Real Madrid"},"content":{"rendered":"<p>El marfile\u00f1o Didier Drogba visit\u00f3 al Real Madrid en las instalaciones donde el equipo <em>blanco<\/em> comenz\u00f3 su pretemporada este martes y afirm\u00f3 que <strong>Cristiano Ronaldo<\/strong> &#8220;merece el <strong>Bal\u00f3n de Oro<\/strong>&#8220;.<\/p>\n<p>El delantero africano alab\u00f3 al futbolista portugu\u00e9s, que a\u00fan no se ha incorporado a la concentraci\u00f3n madridista en Canad\u00e1 y que se lesion\u00f3 una rodilla durante la final de la Eurocopa.<\/p>\n<p style=\"text-align: center;\"><span style=\"color: #3366ff;\"><strong><a style=\"color: #3366ff;\" href=\"http:\/\/www.futboltotal.com.mx\/futbol-internacional\/\">LEER M\u00c1S: Todas las noticias de futbol internacional<\/a><\/strong><\/span><\/p>\n<p>Para <strong>Drogba<\/strong>, <strong>Cristiano<\/strong> merece recoger la estafeta de Lionel Messi, ganador del galard\u00f3n a principios de 2016:\u00a0&#8220;Jugu\u00e9 contra Cristiano en la final de la &#8216;Champions&#8217; de 2008 que gan\u00f3 el Manchester. Es un verdadero l\u00edder y se merece el Bal\u00f3n de Oro por el gran trabajo que ha realizado tanto con el Real Madrid como con Portugal&#8221;.<\/p>\n<p>&#8220;Aunque no pudiese terminar la final, sigue siendo el gran culpable de que su equipo llegase hasta all\u00ed&#8221;, afirm\u00f3 a la p\u00e1gina web oficial del Real Madrid&#8221;, agreg\u00f3 Drogba, actual futbolista del Montreal Impact de la MLS.<\/p>\n<p><strong>Drogba<\/strong> tambi\u00e9n declar\u00f3 que &#8220;es un honor&#8221; que un club &#8220;tan prestigioso&#8221; como el madridista se entrene en las instalaciones del Montreal Impact, y afirm\u00f3 que para la entidad canadiense &#8220;es muy importante&#8221; que el Real Madrid trabaje en sus campos de entrenamiento.<\/p>\n<p>&nbsp;<\/p>\n","protected":false},"excerpt":{"rendered":"<p>El marfile\u00f1o revel\u00f3 qui\u00e9n ganar\u00e1 el pr\u00f3ximo Bal\u00f3n de Oro<\/p>\n","protected":false},"author":20,"featured_media":411813,"comment_status":"closed","ping_status":"closed","sticky":false,"template":"","format":"standard","meta":[],"categories":[3839,3844,5951],"tags":[6013,1738],"_links":{"self":[{"href":"http:\/\/desarrollo.grupomedios.com\/futbol\/wp-json\/wp\/v2\/posts\/411801"}],"collection":[{"href":"http:\/\/desarrollo.grupomedios.com\/futbol\/wp-json\/wp\/v2\/posts"}],"about":[{"href":"http:\/\/desarrollo.grupomedios.com\/futbol\/wp-json\/wp\/v2\/types\/post"}],"author":[{"embeddable":true,"href":"http:\/\/desarrollo.grupomedios.com\/futbol\/wp-json\/wp\/v2\/users\/20"}],"replies":[{"embeddable":true,"href":"http:\/\/desarrollo.grupomedios.com\/futbol\/wp-json\/wp\/v2\/comments?post=411801"}],"version-history":[{"count":0,"href":"http:\/\/desarrollo.grupomedios.com\/futbol\/wp-json\/wp\/v2\/posts\/411801\/revisions"}],"wp:featuredmedia":[{"embeddable":true,"href":"http:\/\/desarrollo.grupomedios.com\/futbol\/wp-json\/wp\/v2\/media\/411813"}],"wp:attachment":[{"href":"http:\/\/desarrollo.grupomedios.com\/futbol\/wp-json\/wp\/v2\/media?parent=411801"}],"wp:term":[{"taxonomy":"category","embeddable":true,"href":"http:\/\/desarrollo.grupomedios.com\/futbol\/wp-json\/wp\/v2\/categories?post=411801"},{"taxonomy":"post_tag","embeddable":true,"href":"http:\/\/desarrollo.grupomedios.com\/futbol\/wp-json\/wp\/v2\/tags?post=411801"}],"curies":[{"name":"wp","href":"https:\/\/api.w.org\/{rel}","templated":true}]}}