{"id":411809,"date":"2016-07-19T20:21:29","date_gmt":"2016-07-20T01:21:29","guid":{"rendered":"http:\/\/www.futboltotal.com.mx\/?p=411809"},"modified":"2016-07-19T20:21:29","modified_gmt":"2016-07-20T01:21:29","slug":"tri-olimpico-afina-detalles-en-zacatepec","status":"publish","type":"post","link":"http:\/\/desarrollo.grupomedios.com\/futbol\/destacado-home\/tri-olimpico-afina-detalles-en-zacatepec\/2016\/07","title":{"rendered":"Tri Ol\u00edmpico, con paso firme previo a Rio 2016"},"content":{"rendered":"<p>A menos de un mes para que arranque la fiesta en R\u00edo de Janeiro, el <a href=\"http:\/\/www.futboltotal.com.mx\/futbol-mexicano\/seleccion-mexicana\/\" target=\"_blank\"><strong><em>Tri<\/em> Ol\u00edmpico<\/strong><\/a> afina detalles con miras a buscar la segunda medalla de oro, para ello se midi\u00f3 con <strong>Zacatepec Siglo XXI<\/strong> en el Estadio <em>Coruco<\/em> D\u00edaz, donde los pupilos de Ra\u00fal Guti\u00e9rrez se impusieron por 0-2.<\/p>\n<p>El partido result\u00f3 sencillo para el combinado nacional, pues los <em>Ca\u00f1eros<\/em> no lograron poner gran resistencia, por si fuera poco, apenas al minuto 6, Carlos Cisneros\u00a0recibi\u00f3 dentro del \u00e1rea, donde control\u00f3 y no perdon\u00f3 al cancerbero.<\/p>\n<blockquote class=\"twitter-tweet\" data-lang=\"es\">\n<p dir=\"ltr\" lang=\"es\">\u00a1Listos para el partido! <a href=\"https:\/\/twitter.com\/izzi_mx\">@izzi_mx<\/a> presenta nuestro XI para enfrentar a <a href=\"https:\/\/twitter.com\/ZacatepecXXI\">@ZacatepecXXI<\/a>.<a href=\"https:\/\/twitter.com\/hashtag\/izziTeInforma?src=hash\">#izziTeInforma<\/a> <a href=\"https:\/\/t.co\/fRmoNmRS1s\">pic.twitter.com\/fRmoNmRS1s<\/a><\/p>\n<p>\u2014 Selecci\u00f3n Nacional (@miseleccionmx) <a href=\"https:\/\/twitter.com\/miseleccionmx\/status\/755534548843110400\">19 de julio de 2016<\/a><\/p><\/blockquote>\n<p><script src=\"\/\/platform.twitter.com\/widgets.js\" async=\"\" charset=\"utf-8\"><\/script><\/p>\n<p>Antes de irse al descanso, nuevamente apareci\u00f3 el <strong><em>Tri<\/em> Ol\u00edmpico<\/strong> para doblar la ventaja, gracia Alfonso Gonz\u00e1lez que puso la pelota pegada al poste (40&#8242;).<\/p>\n<p>Si bien ambas escuadras tuvieron oportunidades frente al arco, las redes ya no se movieron m\u00e1s. Ser\u00e1 el pr\u00f3ximo 28 de julio que la Selecci\u00f3n Mexicana se enfrentar\u00e1 Argentina en el \u00faltimo cotejo de preparaci\u00f3n.<\/p>\n","protected":false},"excerpt":{"rendered":"<p>El combinado nacional venci\u00f3 0-2 al Zacatepec Siglo XXI<\/p>\n","protected":false},"author":20,"featured_media":411810,"comment_status":"closed","ping_status":"closed","sticky":false,"template":"","format":"standard","meta":[],"categories":[5,2198,7186,7182,3847],"tags":[5979,2377],"_links":{"self":[{"href":"http:\/\/desarrollo.grupomedios.com\/futbol\/wp-json\/wp\/v2\/posts\/411809"}],"collection":[{"href":"http:\/\/desarrollo.grupomedios.com\/futbol\/wp-json\/wp\/v2\/posts"}],"about":[{"href":"http:\/\/desarrollo.grupomedios.com\/futbol\/wp-json\/wp\/v2\/types\/post"}],"author":[{"embeddable":true,"href":"http:\/\/desarrollo.grupomedios.com\/futbol\/wp-json\/wp\/v2\/users\/20"}],"replies":[{"embeddable":true,"href":"http:\/\/desarrollo.grupomedios.com\/futbol\/wp-json\/wp\/v2\/comments?post=411809"}],"version-history":[{"count":0,"href":"http:\/\/desarrollo.grupomedios.com\/futbol\/wp-json\/wp\/v2\/posts\/411809\/revisions"}],"wp:featuredmedia":[{"embeddable":true,"href":"http:\/\/desarrollo.grupomedios.com\/futbol\/wp-json\/wp\/v2\/media\/411810"}],"wp:attachment":[{"href":"http:\/\/desarrollo.grupomedios.com\/futbol\/wp-json\/wp\/v2\/media?parent=411809"}],"wp:term":[{"taxonomy":"category","embeddable":true,"href":"http:\/\/desarrollo.grupomedios.com\/futbol\/wp-json\/wp\/v2\/categories?post=411809"},{"taxonomy":"post_tag","embeddable":true,"href":"http:\/\/desarrollo.grupomedios.com\/futbol\/wp-json\/wp\/v2\/tags?post=411809"}],"curies":[{"name":"wp","href":"https:\/\/api.w.org\/{rel}","templated":true}]}}