{"id":411899,"date":"2016-07-20T09:45:54","date_gmt":"2016-07-20T14:45:54","guid":{"rendered":"http:\/\/www.futboltotal.com.mx\/?p=411899"},"modified":"2016-07-20T09:46:58","modified_gmt":"2016-07-20T14:46:58","slug":"raul-jimenez-mexicano-caro-en-la-historia","status":"publish","type":"post","link":"http:\/\/desarrollo.grupomedios.com\/futbol\/destacado-home\/raul-jimenez-mexicano-caro-en-la-historia\/2016\/07","title":{"rendered":"Jim\u00e9nez, el mexicano m\u00e1s caro en la historia"},"content":{"rendered":"<p>El delantero mexicano, <strong>Ra\u00fal Jim\u00e9nez<\/strong>, sigue haciendo historia con el <strong>Benfica<\/strong>, club que ha decidido terminar de pagar el pase del mexicano y ha abonado 12 millones de euros al Atl\u00e9tico de Madrid para comprar definitivamente al mexicano, seg\u00fan el diario portugu\u00e9s\u00a0<em>R\u00e9cord.<\/em><\/p>\n<p>Adem\u00e1s de esta cifra, el conjunto portugu\u00e9s ya hab\u00eda pagado 10 millones de euros a los\u00a0<em>Colchoneros\u00a0<\/em>para hacerse de los servicios del mexicano, que con la suma total de la cantidad, se convierte en el mexicano m\u00e1s caro en la historia al ser vendido por 22 millones de euros en el futbol europeo, por encima de jugadores como Javier <em>Chicharito<\/em> Hern\u00e1ndez, Carlos Vela y H\u00e9ctor Herrera.<\/p>\n<p style=\"text-align: center;\"><span style=\"color: #3366ff;\">LEER M\u00c1S:\u00a0<a style=\"color: #3366ff;\" href=\"http:\/\/www.futboltotal.com.mx\/2016\/07\/manchester-city-ficha-a-rulli\/\">Manchester City amarra al recambio de Hart<\/a><\/span><\/p>\n<blockquote class=\"instagram-media\" style=\"background: #FFF; border: 0; border-radius: 3px; box-shadow: 0 0 1px 0 rgba(0,0,0,0.5),0 1px 10px 0 rgba(0,0,0,0.15); margin: 1px; max-width: 658px; padding: 0; width: calc(100% - 2px);\" data-instgrm-captioned=\"\" data-instgrm-version=\"7\">\n<div style=\"padding: 8px;\">\n<div style=\"background: #F8F8F8; line-height: 0; margin-top: 40px; padding: 42.9427430093% 0; text-align: center; width: 100%;\"><\/div>\n<p style=\"margin: 8px 0 0 0; padding: 0 4px;\"><a style=\"color: #000; font-family: Arial,sans-serif; font-size: 14px; font-style: normal; font-weight: normal; line-height: 17px; text-decoration: none; word-wrap: break-word;\" href=\"https:\/\/www.instagram.com\/p\/BIDKv1KgeSd\/\" target=\"_blank\">#preepoca #carregabenfica #juntos<\/a><\/p>\n<p style=\"color: #c9c8cd; font-family: Arial,sans-serif; font-size: 14px; line-height: 17px; margin-bottom: 0; margin-top: 8px; overflow: hidden; padding: 8px 0 7px; text-align: center; text-overflow: ellipsis; white-space: nowrap;\">A photo posted by raulalonsojimenez9 (@raulalonsojimenez9) on <time style=\"font-family: Arial,sans-serif; font-size: 14px; line-height: 17px;\" datetime=\"2016-07-19T16:19:02+00:00\">Jul 19, 2016 at 9:19am PDT<\/time><\/p>\n<\/div>\n<\/blockquote>\n<p><script src=\"\/\/platform.instagram.com\/en_US\/embeds.js\" async=\"\" defer=\"defer\"><\/script><\/p>\n<p>A pesar de los pocos minutos que disput\u00f3 como titular, parece que<strong> Jim\u00e9nez<\/strong> convenci\u00f3 a las\u00a0<em>\u00c1guilas\u00a0<\/em>gracias a los 12 goles que anot\u00f3 durante la temporada y que sirvieron como puntos importantes para que el <strong>Benfica<\/strong> pudiera coronarse en la liga y copa en la temporada 2015-16.<\/p>\n<p style=\"text-align: center;\"><span style=\"color: #3366ff;\">LEER M\u00c1S:\u00a0<a style=\"color: #3366ff;\" href=\"http:\/\/www.futboltotal.com.mx\/2016\/07\/independiente-del-valle-pequeno-surgido-los-andes\/\">Independiente del Valle, el peque\u00f1o surgido de los Andes<\/a><\/span><\/p>\n","protected":false},"excerpt":{"rendered":"<p>El Benfica habr\u00eda pagado 22 millones de euros por el mexicano<\/p>\n","protected":false},"author":20,"featured_media":411901,"comment_status":"closed","ping_status":"closed","sticky":false,"template":"","format":"standard","meta":[],"categories":[5,3839,6718],"tags":[4545,742],"_links":{"self":[{"href":"http:\/\/desarrollo.grupomedios.com\/futbol\/wp-json\/wp\/v2\/posts\/411899"}],"collection":[{"href":"http:\/\/desarrollo.grupomedios.com\/futbol\/wp-json\/wp\/v2\/posts"}],"about":[{"href":"http:\/\/desarrollo.grupomedios.com\/futbol\/wp-json\/wp\/v2\/types\/post"}],"author":[{"embeddable":true,"href":"http:\/\/desarrollo.grupomedios.com\/futbol\/wp-json\/wp\/v2\/users\/20"}],"replies":[{"embeddable":true,"href":"http:\/\/desarrollo.grupomedios.com\/futbol\/wp-json\/wp\/v2\/comments?post=411899"}],"version-history":[{"count":0,"href":"http:\/\/desarrollo.grupomedios.com\/futbol\/wp-json\/wp\/v2\/posts\/411899\/revisions"}],"wp:featuredmedia":[{"embeddable":true,"href":"http:\/\/desarrollo.grupomedios.com\/futbol\/wp-json\/wp\/v2\/media\/411901"}],"wp:attachment":[{"href":"http:\/\/desarrollo.grupomedios.com\/futbol\/wp-json\/wp\/v2\/media?parent=411899"}],"wp:term":[{"taxonomy":"category","embeddable":true,"href":"http:\/\/desarrollo.grupomedios.com\/futbol\/wp-json\/wp\/v2\/categories?post=411899"},{"taxonomy":"post_tag","embeddable":true,"href":"http:\/\/desarrollo.grupomedios.com\/futbol\/wp-json\/wp\/v2\/tags?post=411899"}],"curies":[{"name":"wp","href":"https:\/\/api.w.org\/{rel}","templated":true}]}}