{"id":411919,"date":"2016-07-20T11:53:48","date_gmt":"2016-07-20T16:53:48","guid":{"rendered":"http:\/\/www.futboltotal.com.mx\/?p=411919"},"modified":"2016-07-20T11:53:48","modified_gmt":"2016-07-20T16:53:48","slug":"nba-anuncia-dos-juegos-temporada-en-mexico","status":"publish","type":"post","link":"http:\/\/desarrollo.grupomedios.com\/futbol\/no-todo-es-futbol\/nba-anuncia-dos-juegos-temporada-en-mexico\/2016\/07","title":{"rendered":"NBA anuncia dos juegos de temporada en M\u00e9xico"},"content":{"rendered":"<p>La <strong>NBA<\/strong> ha anunciado que en su pr\u00f3xima visita a M\u00e9xico, habr\u00e1 cartelera doble cuando los <strong>Phoenix <em>Suns<\/em><\/strong> se enfrenten a <strong>Dallas <em>Mavericks<\/em><\/strong> y a <strong>San Antonio <em>Spurs<\/em><\/strong> en la temporada regular del pr\u00f3ximo a\u00f1o.<\/p>\n<p>Ambos partidos se llevar\u00e1n a cabo en la Arena Ciudad de M\u00e9xico el pr\u00f3ximo mes de enero donde se disputar\u00e1n los juegos de temporada regular, el primero el d\u00eda 12 del mes entre <em>Suns<\/em> y <em><strong>Mavericks,<\/strong><\/em> y dos d\u00edas despu\u00e9s los mismos <strong>Phoenix<\/strong> se enfrentar\u00e1n a <strong>San Antonio<\/strong>.<\/p>\n<p style=\"text-align: center;\"><span style=\"color: #3366ff;\">LEER M\u00c1S:\u00a0<a style=\"color: #3366ff;\" href=\"http:\/\/www.futboltotal.com.mx\/2016\/07\/eiza-gonzalez-la-nueva-pareja-cristiano\/\">Eiza Gonz\u00e1lez, \u00bfla nueva pareja de Cristiano?<\/a><\/span><\/p>\n<blockquote class=\"twitter-tweet\" data-lang=\"es\">\n<p dir=\"ltr\" lang=\"es\">NBA M\u00e9xico presenta 2 juegos consecutivos de temporada regular <a href=\"https:\/\/twitter.com\/Suns\">@Suns<\/a> Vs <a href=\"https:\/\/twitter.com\/dallasmavs\">@dallasmavs<\/a> 12 enero<br \/>\nSuns Vs <a href=\"https:\/\/twitter.com\/spurs\">@spurs<\/a> 14 enero <a href=\"https:\/\/t.co\/SPjev8LKH7\">pic.twitter.com\/SPjev8LKH7<\/a><\/p>\n<p>\u2014 NBA M\u00c9XICO (@NBAMEX) <a href=\"https:\/\/twitter.com\/NBAMEX\/status\/755764245564788740\">20 de julio de 2016<\/a><\/p><\/blockquote>\n<p><script src=\"\/\/platform.twitter.com\/widgets.js\" async=\"\" charset=\"utf-8\"><\/script><\/p>\n<p>La<strong> NBA<\/strong> visitar\u00e1 a M\u00e9xico por\u00a0quinto a\u00f1o consecutivo, aunque el juego entre Minesota Timberwolves y los <strong>San Antonio <em>Spurs<\/em><\/strong> termin\u00f3 por ser cancelado en 2013 cuando una falla el\u00e9ctrica de la Arena Ciudad de M\u00e9xico provoc\u00f3 humo dentro del recinto y tuvo que cancelarse el partido.<\/p>\n<blockquote class=\"twitter-tweet\" data-lang=\"es\"><p>\nListos para nuestra conferencia de prensa. \u00a1Disfr\u00fatala en vivo! <a href=\"https:\/\/t.co\/DA9jVxwnOT\">https:\/\/t.co\/DA9jVxwnOT<\/a> a las 10 am <a href=\"https:\/\/twitter.com\/hashtag\/SunsInMexico?src=hash\">#SunsInMexico<\/a> <a href=\"https:\/\/t.co\/IOuphHWANK\">pic.twitter.com\/IOuphHWANK<\/a><\/p>\n<p>\u2014 Suns en espa\u00f1ol (@lossuns) <a href=\"https:\/\/twitter.com\/lossuns\/status\/755805415967821825\">20 de julio de 2016<\/a>\n<\/p><\/blockquote>\n<p><script src=\"\/\/platform.twitter.com\/widgets.js\" async=\"\" charset=\"utf-8\"><\/script><\/p>\n<p>La temporada regular de la<strong> NBA<\/strong> comenzar\u00e1 el pr\u00f3ximo mes de octubre.<\/p>\n<p style=\"text-align: center;\"><span style=\"color: #3366ff;\">LEER M\u00c1S:\u00a0<a style=\"color: #3366ff;\" href=\"http:\/\/www.futboltotal.com.mx\/2016\/07\/larissa-riquelme-flamante-fichaje-jaguares-chiapas\/\">Larissa Riquelme, flamante fichaje de Chiapas<\/a><\/span><\/p>\n","protected":false},"excerpt":{"rendered":"<p>El pr\u00f3ximo mes de enero la NBA regresar\u00e1 a M\u00e9xico<\/p>\n","protected":false},"author":20,"featured_media":411923,"comment_status":"closed","ping_status":"closed","sticky":false,"template":"","format":"standard","meta":[],"categories":[5814,5418,6411],"tags":[5460,3763],"_links":{"self":[{"href":"http:\/\/desarrollo.grupomedios.com\/futbol\/wp-json\/wp\/v2\/posts\/411919"}],"collection":[{"href":"http:\/\/desarrollo.grupomedios.com\/futbol\/wp-json\/wp\/v2\/posts"}],"about":[{"href":"http:\/\/desarrollo.grupomedios.com\/futbol\/wp-json\/wp\/v2\/types\/post"}],"author":[{"embeddable":true,"href":"http:\/\/desarrollo.grupomedios.com\/futbol\/wp-json\/wp\/v2\/users\/20"}],"replies":[{"embeddable":true,"href":"http:\/\/desarrollo.grupomedios.com\/futbol\/wp-json\/wp\/v2\/comments?post=411919"}],"version-history":[{"count":0,"href":"http:\/\/desarrollo.grupomedios.com\/futbol\/wp-json\/wp\/v2\/posts\/411919\/revisions"}],"wp:featuredmedia":[{"embeddable":true,"href":"http:\/\/desarrollo.grupomedios.com\/futbol\/wp-json\/wp\/v2\/media\/411923"}],"wp:attachment":[{"href":"http:\/\/desarrollo.grupomedios.com\/futbol\/wp-json\/wp\/v2\/media?parent=411919"}],"wp:term":[{"taxonomy":"category","embeddable":true,"href":"http:\/\/desarrollo.grupomedios.com\/futbol\/wp-json\/wp\/v2\/categories?post=411919"},{"taxonomy":"post_tag","embeddable":true,"href":"http:\/\/desarrollo.grupomedios.com\/futbol\/wp-json\/wp\/v2\/tags?post=411919"}],"curies":[{"name":"wp","href":"https:\/\/api.w.org\/{rel}","templated":true}]}}