{"id":411925,"date":"2016-07-20T12:08:26","date_gmt":"2016-07-20T17:08:26","guid":{"rendered":"http:\/\/www.futboltotal.com.mx\/?p=411925"},"modified":"2016-07-20T12:08:26","modified_gmt":"2016-07-20T17:08:26","slug":"neymar-brasil-ya-se-prepara-juegos-olimpicos","status":"publish","type":"post","link":"http:\/\/desarrollo.grupomedios.com\/futbol\/futbol-internacional\/neymar-brasil-ya-se-prepara-juegos-olimpicos\/2016\/07","title":{"rendered":"Con Neymar, Brasil ya se prepara para Juegos Ol\u00edmpicos"},"content":{"rendered":"<p><strong><span class=\"classCadenaBusqueda\">Neymar<\/span><\/strong> lider\u00f3 hoy el primer entrenamiento de la selecci\u00f3n de <strong>Brasil<\/strong> de cara a la preparaci\u00f3n para los <strong>Juegos Ol\u00edmpicos<\/strong> de R\u00edo de Janeiro, que tendr\u00e1n lugar en agosto pr\u00f3ximo.<\/p>\n<p>El astro del Barcelona destac\u00f3 en la sesi\u00f3n de pr\u00e1cticas comandada por el t\u00e9cnico Rogerio Micale y que tuvo lugar en la Granja Comary, el centro de entrenamiento de la Confederaci\u00f3n Brasile\u00f1a de F\u00fatbol (CBF) en Teres\u00f3polis.<\/p>\n<blockquote class=\"twitter-tweet\" data-lang=\"es\">\n<p dir=\"ltr\" lang=\"pt\">O primeiro treino da <a href=\"https:\/\/twitter.com\/hashtag\/Sele%C3%A7%C3%A3oOl%C3%ADmpica?src=hash\">#Sele\u00e7\u00e3oOl\u00edmpica<\/a> em menos de 1 minuto. Veja!<a href=\"https:\/\/twitter.com\/hashtag\/Rio2016?src=hash\">#Rio2016<\/a> <a href=\"https:\/\/twitter.com\/hashtag\/Sele%C3%A7%C3%A3o?src=hash\">#Sele\u00e7\u00e3o<\/a> <a href=\"https:\/\/t.co\/O1SP5opbCf\">pic.twitter.com\/O1SP5opbCf<\/a><\/p>\n<p>\u2014 CBF Futebol (@CBF_Futebol) <a href=\"https:\/\/twitter.com\/CBF_Futebol\/status\/755535591983505409\">19 de julio de 2016<\/a><\/p><\/blockquote>\n<p><script src=\"\/\/platform.twitter.com\/widgets.js\" async=\"\" charset=\"utf-8\"><\/script><\/p>\n<p>Micale, que a\u00fan no ha podido contar con toda la plantilla, ante la ausencia del centrocampista del Beijing Guoan chino Renato Augusto y del defensa del Par\u00eds Saint Germain Marquinhos, quienes est\u00e1n previsto que se incorporen al grupo en las pr\u00f3ximas horas, dirigi\u00f3 una sesi\u00f3n desenfadada y poco exigente a nivel f\u00edsico.<\/p>\n<p><span style=\"color: #3366ff;\">LEER M\u00c1S:\u00a0<a style=\"color: #3366ff;\" href=\"http:\/\/www.futboltotal.com.mx\/2016\/07\/raul-jimenez-mexicano-caro-en-la-historia\/\">Jim\u00e9nez, el mexicano m\u00e1s caro en la historia<\/a><\/span><\/p>\n<p>Tras dar algunas instrucciones t\u00e9cnicas al comienzo de la sesi\u00f3n, el t\u00e9cnico mand\u00f3 a sus pupilos jugar una serie de partidillos, para lo que se sirvi\u00f3 tanto de los reservas de la Canarinha como de algunos jugadores de la Sub&#8217;20 -que \u00e9l tambi\u00e9n dirige- para completar los equipos.<\/p>\n<blockquote class=\"twitter-tweet\" data-lang=\"es\"><p>\nNO TREINO DA SELE\u00c7\u00c3O&#8230;<a href=\"https:\/\/twitter.com\/neymarjr\">@neymarjr<\/a> e sua &#8216;melhor amiga&#8217; na Granja Comary! <a href=\"https:\/\/twitter.com\/hashtag\/Rio2016?src=hash\">#Rio2016<\/a> <a href=\"https:\/\/twitter.com\/hashtag\/Sele%C3%A7%C3%A3oOl%C3%ADmpica?src=hash\">#Sele\u00e7\u00e3oOl\u00edmpica<\/a> <a href=\"https:\/\/twitter.com\/hashtag\/Brasil?src=hash\">#Brasil<\/a> <a href=\"https:\/\/t.co\/CeQMctjKy3\">pic.twitter.com\/CeQMctjKy3<\/a><\/p>\n<p>\u2014 CBF Futebol (@CBF_Futebol) <a href=\"https:\/\/twitter.com\/CBF_Futebol\/status\/755492843838435328\">19 de julio de 2016<\/a>\n<\/p><\/blockquote>\n<p><script src=\"\/\/platform.twitter.com\/widgets.js\" async=\"\" charset=\"utf-8\"><\/script><\/p>\n<p>Uno de los principales nombres del equipo de <strong>Brasil<\/strong>, es el mediapunta del Barcelona Rafinha Alc\u00e1ntara, que se perdi\u00f3 la pasada Copa Am\u00e9rica disputada en los Estados Unidos por una lesi\u00f3n en el b\u00edceps femoral de la pierna derecha, no salt\u00f3 al c\u00e9sped este martes y permaneci\u00f3 ejercit\u00e1ndose en el gimnasio, seg\u00fan inform\u00f3 la CBF.<\/p>\n<p>Los jugadores convocados por Micale permanecer\u00e1n concentrados en Teres\u00f3polis hasta el 27 de julio, cuando viajar\u00e1n a Goiania para jugar un amistoso contra Jap\u00f3n el 30 en el estadio Serra Dourada. EFE<\/p>\n<p style=\"text-align: center;\"><span style=\"color: #3366ff;\">LEER M\u00c1S:\u00a0<a style=\"color: #3366ff;\" href=\"http:\/\/www.futboltotal.com.mx\/2016\/07\/se-ira-lewandowski-del-bayern-munich\/\">\u00bfSe ir\u00e1 Lewandowski del Bayern M\u00fanich?<\/a><\/span><\/p>\n","protected":false},"excerpt":{"rendered":"<p>El astro del Barcelona lider\u00f3 el entrenamiento brasile\u00f1o<\/p>\n","protected":false},"author":144,"featured_media":411926,"comment_status":"closed","ping_status":"closed","sticky":false,"template":"","format":"standard","meta":[],"categories":[3839,7186,7182,5951],"tags":[6009,6214],"_links":{"self":[{"href":"http:\/\/desarrollo.grupomedios.com\/futbol\/wp-json\/wp\/v2\/posts\/411925"}],"collection":[{"href":"http:\/\/desarrollo.grupomedios.com\/futbol\/wp-json\/wp\/v2\/posts"}],"about":[{"href":"http:\/\/desarrollo.grupomedios.com\/futbol\/wp-json\/wp\/v2\/types\/post"}],"author":[{"embeddable":true,"href":"http:\/\/desarrollo.grupomedios.com\/futbol\/wp-json\/wp\/v2\/users\/144"}],"replies":[{"embeddable":true,"href":"http:\/\/desarrollo.grupomedios.com\/futbol\/wp-json\/wp\/v2\/comments?post=411925"}],"version-history":[{"count":0,"href":"http:\/\/desarrollo.grupomedios.com\/futbol\/wp-json\/wp\/v2\/posts\/411925\/revisions"}],"wp:featuredmedia":[{"embeddable":true,"href":"http:\/\/desarrollo.grupomedios.com\/futbol\/wp-json\/wp\/v2\/media\/411926"}],"wp:attachment":[{"href":"http:\/\/desarrollo.grupomedios.com\/futbol\/wp-json\/wp\/v2\/media?parent=411925"}],"wp:term":[{"taxonomy":"category","embeddable":true,"href":"http:\/\/desarrollo.grupomedios.com\/futbol\/wp-json\/wp\/v2\/categories?post=411925"},{"taxonomy":"post_tag","embeddable":true,"href":"http:\/\/desarrollo.grupomedios.com\/futbol\/wp-json\/wp\/v2\/tags?post=411925"}],"curies":[{"name":"wp","href":"https:\/\/api.w.org\/{rel}","templated":true}]}}