{"id":411990,"date":"2016-07-26T07:30:38","date_gmt":"2016-07-26T12:30:38","guid":{"rendered":"http:\/\/www.futboltotal.com.mx\/?p=411990"},"modified":"2016-07-26T07:37:56","modified_gmt":"2016-07-26T12:37:56","slug":"atletico-nacional-campeon-en-copa-libertadores","status":"publish","type":"post","link":"http:\/\/desarrollo.grupomedios.com\/futbol\/videos\/atletico-nacional-campeon-en-copa-libertadores\/2016\/07","title":{"rendered":"El grito libertador de Atl\u00e9tico Nacional&#8230;"},"content":{"rendered":"<p>[video_player]https:\/\/player.vimeo.com\/external\/175594548.hd.mp4?s=434a41e2070a043edaddafe44b366a6354ab2e42&amp;profile_id=174[\/video_player]<br \/>\nEn 1989, el <strong>Atl\u00e9tico Nacional<\/strong> fue un club revolucionario que cambi\u00f3 la historia de Colombia con su mejor arma: el bal\u00f3n. Logr\u00f3 una haza\u00f1a\u00a0en la <strong>Copa Libertadores<\/strong> que inscribi\u00f3 a la naci\u00f3n cafetalera en el mapa futbol\u00edstico&#8230;<\/p>\n<p>Por primera vez llegaron a la Final del certamen y pelearon como lo hacen los equipos legendarios:\u00a0a ultranza. Aunque cayeron ante Olimpia en el duelo de Ida, se sobrepusieron a dos goles con el apoyo de su hinchada y forzaron los tiempos extras.<\/p>\n<p style=\"text-align: center;\"><span style=\"color: #3366ff;\"><strong><a style=\"color: #3366ff;\" href=\"http:\/\/www.futboltotal.com.mx\/2016\/07\/independiente-del-valle-pequeno-surgido-los-andes\/\">LEER M\u00c1S: Independiente del Valle, el peque\u00f1o surgido de los Andes<\/a><\/strong><\/span><\/p>\n<p>El mayor m\u00e9rito fue que jam\u00e1s se dieron por vencidos. Tras 120 minutos en los que defendieron a muerte la camiseta <em>albiverde<\/em>, tuvieron que tirar penales.<\/p>\n<p>Fue una serie de infarto, en la cual el arquero Ren\u00e9 Higuita, tuvo una actuaci\u00f3n tit\u00e1nica:\u00a0Tap\u00f3 cuatro penales\u2026 marc\u00f3 un gol\u2026 Y en la muerte s\u00fabita alent\u00f3 a Lionel \u00c1lvarez a marcar el gol de la victoria.\u00a0La victoria fue una proeza. Signific\u00f3 el primer titulo de un equipo colombiano en <strong>Copa Libertadores<\/strong>.<\/p>\n<p>En 1995, <strong>Atl\u00e9tico Nacional<\/strong> volvi\u00f3 a disputar una Final. Sin embargo sufri\u00f3 una terrible decepci\u00f3n al perder ante Gremio.\u00a0Pero como siempre, el futbol da revanchas&#8230;\u00a021 a\u00f1os despu\u00e9s, el cuadro <em>verdolaga<\/em> la tiene: est\u00e1 en su tercera final de <strong>Copa Libertadores<\/strong> y puede volver a cambiar la historia de Colombia\u2026 \u00a1Con el bal\u00f3n!<\/p>\n","protected":false},"excerpt":{"rendered":"<p>Revive la haza que consigui\u00f3 el Rey de Copas en la Copa Libertadores de 1989 <\/p>\n","protected":false},"author":20,"featured_media":411991,"comment_status":"closed","ping_status":"closed","sticky":false,"template":"","format":"standard","meta":[],"categories":[3859,3839,4],"tags":[2075,1396],"_links":{"self":[{"href":"http:\/\/desarrollo.grupomedios.com\/futbol\/wp-json\/wp\/v2\/posts\/411990"}],"collection":[{"href":"http:\/\/desarrollo.grupomedios.com\/futbol\/wp-json\/wp\/v2\/posts"}],"about":[{"href":"http:\/\/desarrollo.grupomedios.com\/futbol\/wp-json\/wp\/v2\/types\/post"}],"author":[{"embeddable":true,"href":"http:\/\/desarrollo.grupomedios.com\/futbol\/wp-json\/wp\/v2\/users\/20"}],"replies":[{"embeddable":true,"href":"http:\/\/desarrollo.grupomedios.com\/futbol\/wp-json\/wp\/v2\/comments?post=411990"}],"version-history":[{"count":0,"href":"http:\/\/desarrollo.grupomedios.com\/futbol\/wp-json\/wp\/v2\/posts\/411990\/revisions"}],"wp:featuredmedia":[{"embeddable":true,"href":"http:\/\/desarrollo.grupomedios.com\/futbol\/wp-json\/wp\/v2\/media\/411991"}],"wp:attachment":[{"href":"http:\/\/desarrollo.grupomedios.com\/futbol\/wp-json\/wp\/v2\/media?parent=411990"}],"wp:term":[{"taxonomy":"category","embeddable":true,"href":"http:\/\/desarrollo.grupomedios.com\/futbol\/wp-json\/wp\/v2\/categories?post=411990"},{"taxonomy":"post_tag","embeddable":true,"href":"http:\/\/desarrollo.grupomedios.com\/futbol\/wp-json\/wp\/v2\/tags?post=411990"}],"curies":[{"name":"wp","href":"https:\/\/api.w.org\/{rel}","templated":true}]}}