{"id":412009,"date":"2016-07-20T15:15:34","date_gmt":"2016-07-20T20:15:34","guid":{"rendered":"http:\/\/www.futboltotal.com.mx\/?p=412009"},"modified":"2016-07-20T15:25:02","modified_gmt":"2016-07-20T20:25:02","slug":"arsenal-recuerda-magia-carlos-vela","status":"publish","type":"post","link":"http:\/\/desarrollo.grupomedios.com\/futbol\/videos\/arsenal-recuerda-magia-carlos-vela\/2016\/07","title":{"rendered":"Arsenal recuerda m\u00e1gico gol de Carlos Vela"},"content":{"rendered":"<p>Bien dicen que un buen <strong>gol<\/strong> jam\u00e1s se olvida. Tal\u00a0situaci\u00f3n la comprob\u00f3 <strong>Arsenal<\/strong>, que a m\u00e1s de ocho a\u00f1os de distancia, record\u00f3 la magia que derroch\u00f3\u00a0<strong>Carlos Vela<\/strong>\u00a0en\u00a0una jugada memorable en la Copa de la Liga de Inglaterra (2008),\u00a0donde firm\u00f3\u00a0una anotaci\u00f3n de antolog\u00eda frente al <strong>Sheffield United<\/strong>.<\/p>\n<p><iframe loading=\"lazy\" style=\"border: none; overflow: hidden;\" src=\"https:\/\/www.facebook.com\/plugins\/video.php?href=https%3A%2F%2Fwww.facebook.com%2FArsenal%2Fvideos%2F10154071622957713%2F&amp;show_text=0&amp;width=560\" frameborder=\"0\" scrolling=\"no\" allowfullscreen=\"allowfullscreen\"><\/iframe><\/p>\n","protected":false},"excerpt":{"rendered":"<p>Los Gunners no olvidan el gol del Bombardero&#8230;<\/p>\n","protected":false},"author":20,"featured_media":412010,"comment_status":"closed","ping_status":"closed","sticky":false,"template":"","format":"standard","meta":[],"categories":[3839,3846,6718,4],"tags":[6048],"_links":{"self":[{"href":"http:\/\/desarrollo.grupomedios.com\/futbol\/wp-json\/wp\/v2\/posts\/412009"}],"collection":[{"href":"http:\/\/desarrollo.grupomedios.com\/futbol\/wp-json\/wp\/v2\/posts"}],"about":[{"href":"http:\/\/desarrollo.grupomedios.com\/futbol\/wp-json\/wp\/v2\/types\/post"}],"author":[{"embeddable":true,"href":"http:\/\/desarrollo.grupomedios.com\/futbol\/wp-json\/wp\/v2\/users\/20"}],"replies":[{"embeddable":true,"href":"http:\/\/desarrollo.grupomedios.com\/futbol\/wp-json\/wp\/v2\/comments?post=412009"}],"version-history":[{"count":0,"href":"http:\/\/desarrollo.grupomedios.com\/futbol\/wp-json\/wp\/v2\/posts\/412009\/revisions"}],"wp:featuredmedia":[{"embeddable":true,"href":"http:\/\/desarrollo.grupomedios.com\/futbol\/wp-json\/wp\/v2\/media\/412010"}],"wp:attachment":[{"href":"http:\/\/desarrollo.grupomedios.com\/futbol\/wp-json\/wp\/v2\/media?parent=412009"}],"wp:term":[{"taxonomy":"category","embeddable":true,"href":"http:\/\/desarrollo.grupomedios.com\/futbol\/wp-json\/wp\/v2\/categories?post=412009"},{"taxonomy":"post_tag","embeddable":true,"href":"http:\/\/desarrollo.grupomedios.com\/futbol\/wp-json\/wp\/v2\/tags?post=412009"}],"curies":[{"name":"wp","href":"https:\/\/api.w.org\/{rel}","templated":true}]}}