{"id":412027,"date":"2016-07-20T16:18:03","date_gmt":"2016-07-20T21:18:03","guid":{"rendered":"http:\/\/www.futboltotal.com.mx\/?p=412027"},"modified":"2016-07-20T16:24:04","modified_gmt":"2016-07-20T21:24:04","slug":"jorge-vergara-tendra-programa-en-chivas-tv","status":"publish","type":"post","link":"http:\/\/desarrollo.grupomedios.com\/futbol\/futbol-mexicano\/jorge-vergara-tendra-programa-en-chivas-tv\/2016\/07","title":{"rendered":"\u00a1El show de Jorge Vergara\u2026Por Chivas TV!"},"content":{"rendered":"<p>El due\u00f1o de <a href=\"http:\/\/futboltotal.com.mx\/equipos\/guadalajara\/\" target=\"_blank\"><strong>Chivas<\/strong><\/a>, <strong>Jorge Vergara<\/strong>, se encuentra contento por el primer partido de Liga MX transmitido en su nuevo servicio, pero tambi\u00e9n, porque \u00e9l ser\u00e1 protagonista dentro de la programaci\u00f3n de la plataforma <em>rojiblanca<\/em>.<\/p>\n<p><strong>Jorge Vergara<\/strong> advierte a la afici\u00f3n, que se prepare para una transmisi\u00f3n novedosa y de mucho agrado para todos, pues tiene a un buen equipo de producci\u00f3n, que ya lleva tiempo prepar\u00e1ndose para el debut en el Apertura 2016.<\/p>\n<p>&#8220;Va excelentemente bien, va a ser una s\u00faper producci\u00f3n, una calidad impresionante, los locutores van a estar poca madre. Estoy emocionado por el equipo que se ha conformado en estos dos meses, no tengo ninguna duda de que va a ser una gran producci\u00f3n y el partido va a ser espectacular&#8221;, explic\u00f3 el empresario, en charla con el suplemento <em>Cancha<\/em>.<\/p>\n<p style=\"text-align: center;\"><span style=\"color: #3366ff;\"><a style=\"color: #3366ff;\" href=\"http:\/\/www.futboltotal.com.mx\/2016\/07\/chivas-tv-ya-voz\/\" target=\"_blank\"><strong>LEER M\u00c1S: \u00a1Chivas TV ya tiene voz!<\/strong><\/a><\/span><\/p>\n<p><a href=\"http:\/\/www.futboltotal.com.mx\/wp-content\/uploads\/2016\/07\/frase-vergara.jpg\"><img decoding=\"async\" loading=\"lazy\" class=\"alignnone size-full wp-image-412028\" src=\"http:\/\/www.futboltotal.com.mx\/wp-content\/uploads\/2016\/07\/frase-vergara.jpg\" alt=\"frase-vergara\" srcset=\"http:\/\/desarrollo.grupomedios.com\/futbol\/wp-content\/uploads\/2016\/07\/frase-vergara.jpg 858w, http:\/\/desarrollo.grupomedios.com\/futbol\/wp-content\/uploads\/2016\/07\/frase-vergara-300x251.jpg 300w, http:\/\/desarrollo.grupomedios.com\/futbol\/wp-content\/uploads\/2016\/07\/frase-vergara-768x644.jpg 768w\" sizes=\"(max-width: 858px) 100vw, 858px\" \/><\/a><\/p>\n<p><strong>Jorge Vergara<\/strong> a\u00f1ade que ser\u00e1 part\u00edcipe de las transmisiones de <strong>Chivas TV<\/strong>, pero no para los partidos, pues el calor de cada encuentro, lo har\u00eda hablar de m\u00e1s y decir cosas que da\u00f1en las susceptibilidades de la audiencia.<\/p>\n<p>&#8220;En <strong>ChivasTV<\/strong> s\u00ed voy a salir, pero este fin de semana no, para narrar no, m\u00e1s que nada me apasiono y digo palabras que no debo decir&#8221;, concluy\u00f3 el mandam\u00e1s del <em>Reba\u00f1o Sagrado<\/em>.<\/p>\n<p><span style=\"color: #ff0000;\">VIDEO: Agenda TV | Jornada 2 del Apertura 2016<\/span><\/p>\n<p>[video_player]https:\/\/player.vimeo.com\/external\/175409663.hd.mp4?s=65bd7f2f26454e8920d6efaabe8cea9767cae5a6&amp;profile_id=174[\/video_player]<\/p>\n","protected":false},"excerpt":{"rendered":"<p>El empresario tendr\u00e1 un espacio en la plataforma rojiblanca<\/p>\n","protected":false},"author":20,"featured_media":412030,"comment_status":"closed","ping_status":"closed","sticky":false,"template":"","format":"standard","meta":[],"categories":[5419,2198,3845,5950],"tags":[7110,243],"_links":{"self":[{"href":"http:\/\/desarrollo.grupomedios.com\/futbol\/wp-json\/wp\/v2\/posts\/412027"}],"collection":[{"href":"http:\/\/desarrollo.grupomedios.com\/futbol\/wp-json\/wp\/v2\/posts"}],"about":[{"href":"http:\/\/desarrollo.grupomedios.com\/futbol\/wp-json\/wp\/v2\/types\/post"}],"author":[{"embeddable":true,"href":"http:\/\/desarrollo.grupomedios.com\/futbol\/wp-json\/wp\/v2\/users\/20"}],"replies":[{"embeddable":true,"href":"http:\/\/desarrollo.grupomedios.com\/futbol\/wp-json\/wp\/v2\/comments?post=412027"}],"version-history":[{"count":0,"href":"http:\/\/desarrollo.grupomedios.com\/futbol\/wp-json\/wp\/v2\/posts\/412027\/revisions"}],"wp:featuredmedia":[{"embeddable":true,"href":"http:\/\/desarrollo.grupomedios.com\/futbol\/wp-json\/wp\/v2\/media\/412030"}],"wp:attachment":[{"href":"http:\/\/desarrollo.grupomedios.com\/futbol\/wp-json\/wp\/v2\/media?parent=412027"}],"wp:term":[{"taxonomy":"category","embeddable":true,"href":"http:\/\/desarrollo.grupomedios.com\/futbol\/wp-json\/wp\/v2\/categories?post=412027"},{"taxonomy":"post_tag","embeddable":true,"href":"http:\/\/desarrollo.grupomedios.com\/futbol\/wp-json\/wp\/v2\/tags?post=412027"}],"curies":[{"name":"wp","href":"https:\/\/api.w.org\/{rel}","templated":true}]}}