{"id":412029,"date":"2016-07-20T16:55:53","date_gmt":"2016-07-20T21:55:53","guid":{"rendered":"http:\/\/www.futboltotal.com.mx\/?p=412029"},"modified":"2016-07-20T16:55:53","modified_gmt":"2016-07-20T21:55:53","slug":"la-liga-cambia-de-patrocinador","status":"publish","type":"post","link":"http:\/\/desarrollo.grupomedios.com\/futbol\/futbol-internacional\/la-liga-cambia-de-patrocinador\/2016\/07","title":{"rendered":"Ya no habr\u00e1 Liga BBVA"},"content":{"rendered":"<p>La <strong>Primera Divisi\u00f3n<\/strong> del futbol espa\u00f1ol cambiar\u00e1 de nombre a partir de la temporada 2016-17. La que hasta el pasado curso fue <strong>Liga BBVA Bancomer<\/strong> ahora se llamar\u00e1 <strong>Liga Santander<\/strong>, en funci\u00f3n de la instituci\u00f3n bancaria que lleva el mismo nombre y que ahora ser\u00e1 el patrocinador oficial del certamen.<\/p>\n<p style=\"text-align: center;\"><span style=\"color: #3366ff;\"><a style=\"color: #3366ff;\" href=\"http:\/\/www.futboltotal.com.mx\/futbol-internacional\/\"><strong>LEER M\u00c1S. Todas las noticias de futbol internacional<\/strong><\/a><\/span><\/p>\n<p>El acuerdo entre<strong> Santander<\/strong> y los dirigentes del balompi\u00e9 ib\u00e9rico es total y solo falta estampar la firma en el contrato, seg\u00fan publica el diario espa\u00f1ol <em>El Pa\u00eds<\/em> en un informe en el cual enfatiza que la Liga decidi\u00f3 apostar por dicha instituci\u00f3n pese a que hubo otros patrocinadores como Samsung y una aerol\u00ednea que ofrec\u00edan una mayor suma econ\u00f3mica en la negociaci\u00f3n.<\/p>\n<p>Este jueves, los dirigentes de la Liga y el banco espa\u00f1ol tienen pactada una reuni\u00f3n para cerrar los detalles de la operaci\u00f3n y posteriormente oficializar\u00e1n el nuevo patrocinio, el cual ser\u00e1 exclusivo para el m\u00e1ximo circuito, ya que la Segunda Divisi\u00f3n se llamar\u00e1 Liga 1,2,3.<\/p>\n<p>La Liga tuvo que buscar un nuevo patrocinador para la campa\u00f1a 2016-17 despu\u00e9s de que el banco BBVA decidiera a finales de la campa\u00f1a terminar el acuerdo en el que tambi\u00e9n patrocinaba a la divisi\u00f3n de plata, conocida como Liga Adelante.<\/p>\n<p>&nbsp;<\/p>\n","protected":false},"excerpt":{"rendered":"<p>Hay nuevo acuerdo con otro patrocinador para el futbol espa\u00f1ol <\/p>\n","protected":false},"author":20,"featured_media":412043,"comment_status":"closed","ping_status":"closed","sticky":false,"template":"","format":"standard","meta":[],"categories":[3839,3844,5951],"tags":[76],"_links":{"self":[{"href":"http:\/\/desarrollo.grupomedios.com\/futbol\/wp-json\/wp\/v2\/posts\/412029"}],"collection":[{"href":"http:\/\/desarrollo.grupomedios.com\/futbol\/wp-json\/wp\/v2\/posts"}],"about":[{"href":"http:\/\/desarrollo.grupomedios.com\/futbol\/wp-json\/wp\/v2\/types\/post"}],"author":[{"embeddable":true,"href":"http:\/\/desarrollo.grupomedios.com\/futbol\/wp-json\/wp\/v2\/users\/20"}],"replies":[{"embeddable":true,"href":"http:\/\/desarrollo.grupomedios.com\/futbol\/wp-json\/wp\/v2\/comments?post=412029"}],"version-history":[{"count":0,"href":"http:\/\/desarrollo.grupomedios.com\/futbol\/wp-json\/wp\/v2\/posts\/412029\/revisions"}],"wp:featuredmedia":[{"embeddable":true,"href":"http:\/\/desarrollo.grupomedios.com\/futbol\/wp-json\/wp\/v2\/media\/412043"}],"wp:attachment":[{"href":"http:\/\/desarrollo.grupomedios.com\/futbol\/wp-json\/wp\/v2\/media?parent=412029"}],"wp:term":[{"taxonomy":"category","embeddable":true,"href":"http:\/\/desarrollo.grupomedios.com\/futbol\/wp-json\/wp\/v2\/categories?post=412029"},{"taxonomy":"post_tag","embeddable":true,"href":"http:\/\/desarrollo.grupomedios.com\/futbol\/wp-json\/wp\/v2\/tags?post=412029"}],"curies":[{"name":"wp","href":"https:\/\/api.w.org\/{rel}","templated":true}]}}