{"id":412059,"date":"2016-07-20T17:32:48","date_gmt":"2016-07-20T22:32:48","guid":{"rendered":"http:\/\/www.futboltotal.com.mx\/?p=412059"},"modified":"2016-07-20T17:34:29","modified_gmt":"2016-07-20T22:34:29","slug":"jorge-campos-quiere-relevo-ricardo-ferretti-en-tigres","status":"publish","type":"post","link":"http:\/\/desarrollo.grupomedios.com\/futbol\/futbol-mexicano\/jorge-campos-quiere-relevo-ricardo-ferretti-en-tigres\/2016\/07","title":{"rendered":"Jorge Campos quiere relevar a &#8216;Tuca&#8217; en Tigres"},"content":{"rendered":"<p>El ex futbolista, <strong>Jorge Campos<\/strong>, se\u00f1al\u00f3 en una entrevista, que le gustar\u00eda ser director t\u00e9cnico, as\u00ed que en un futuro, buscar\u00eda una oportunidad en alg\u00fan club con recursos para reforzarse como a \u00e9l le gustar\u00eda, por eso sugiere, que <a href=\"http:\/\/futboltotal.com.mx\/equipos\/tigres\/\" target=\"_blank\"><strong>Tigres<\/strong><\/a> ser\u00eda una gran opci\u00f3n.<\/p>\n<p>&#8220;Estuve cerca del cuerpo t\u00e9cnico del entrenador nacional en el Mundial 2006, me gust\u00f3 mucho, despu\u00e9s tuve oportunidades, ofertas de algunos equipos, pero no se ha dado; no s\u00e9, alg\u00fan d\u00eda me gustar\u00eda ser t\u00e9cnico, he pasado por muchos procesos, me estoy preparando&#8221;, se\u00f1al\u00f3 el ex cancerbero, en charla con el portal de <em>Medio Tiempo<\/em>.<\/p>\n<p style=\"text-align: center;\"><span style=\"color: #3366ff;\"><a style=\"color: #3366ff;\" href=\"http:\/\/www.futboltotal.com.mx\/2016\/07\/trollean-a-chivas-tv-modalidades-pago\/\" target=\"_blank\"><strong>LEER M\u00c1S: Trollean a Chivas TV, desde el Pa\u00eds de las Maravillas<\/strong><\/a><\/span><\/p>\n<p><a href=\"http:\/\/www.futboltotal.com.mx\/wp-content\/uploads\/2016\/07\/frase-jorge-campos.jpg\"><img decoding=\"async\" loading=\"lazy\" class=\"alignnone size-full wp-image-412060\" src=\"http:\/\/www.futboltotal.com.mx\/wp-content\/uploads\/2016\/07\/frase-jorge-campos.jpg\" alt=\"frase-jorge-campos\" srcset=\"http:\/\/desarrollo.grupomedios.com\/futbol\/wp-content\/uploads\/2016\/07\/frase-jorge-campos.jpg 858w, http:\/\/desarrollo.grupomedios.com\/futbol\/wp-content\/uploads\/2016\/07\/frase-jorge-campos-300x251.jpg 300w, http:\/\/desarrollo.grupomedios.com\/futbol\/wp-content\/uploads\/2016\/07\/frase-jorge-campos-768x644.jpg 768w\" sizes=\"(max-width: 858px) 100vw, 858px\" \/><\/a><\/p>\n<p>El comentarista de TV Azteca, ya tiene pasado con <strong>Tigres<\/strong>, pues integr\u00f3 las filas del club felino en 1999-2000, as\u00ed que buscar\u00eda volver al equipo, pero ahora como estratega. Por su parte <strong>Ricardo Ferretti<\/strong>, le ha dado oportunidad a sus auxiliares, Hugo Hern\u00e1ndez y Miguel Mej\u00eda Bar\u00f3n, de tomar protagonismo en el banquillo felino.<\/p>\n<p><span style=\"color: #ff0000;\">VIDEO: Agenda de TV | Jornada 2 del Apertura 2016<\/span><\/p>\n<p>[video_player]https:\/\/player.vimeo.com\/external\/175409663.hd.mp4?s=65bd7f2f26454e8920d6efaabe8cea9767cae5a6&amp;profile_id=174[\/video_player]<\/p>\n","protected":false},"excerpt":{"rendered":"<p>El ex jugador quiere ser DT y buscar\u00eda apoyo de Ferretti<\/p>\n","protected":false},"author":20,"featured_media":412062,"comment_status":"closed","ping_status":"closed","sticky":false,"template":"","format":"standard","meta":[],"categories":[2198,3845,5950],"tags":[2053,104,5973],"_links":{"self":[{"href":"http:\/\/desarrollo.grupomedios.com\/futbol\/wp-json\/wp\/v2\/posts\/412059"}],"collection":[{"href":"http:\/\/desarrollo.grupomedios.com\/futbol\/wp-json\/wp\/v2\/posts"}],"about":[{"href":"http:\/\/desarrollo.grupomedios.com\/futbol\/wp-json\/wp\/v2\/types\/post"}],"author":[{"embeddable":true,"href":"http:\/\/desarrollo.grupomedios.com\/futbol\/wp-json\/wp\/v2\/users\/20"}],"replies":[{"embeddable":true,"href":"http:\/\/desarrollo.grupomedios.com\/futbol\/wp-json\/wp\/v2\/comments?post=412059"}],"version-history":[{"count":0,"href":"http:\/\/desarrollo.grupomedios.com\/futbol\/wp-json\/wp\/v2\/posts\/412059\/revisions"}],"wp:featuredmedia":[{"embeddable":true,"href":"http:\/\/desarrollo.grupomedios.com\/futbol\/wp-json\/wp\/v2\/media\/412062"}],"wp:attachment":[{"href":"http:\/\/desarrollo.grupomedios.com\/futbol\/wp-json\/wp\/v2\/media?parent=412059"}],"wp:term":[{"taxonomy":"category","embeddable":true,"href":"http:\/\/desarrollo.grupomedios.com\/futbol\/wp-json\/wp\/v2\/categories?post=412059"},{"taxonomy":"post_tag","embeddable":true,"href":"http:\/\/desarrollo.grupomedios.com\/futbol\/wp-json\/wp\/v2\/tags?post=412059"}],"curies":[{"name":"wp","href":"https:\/\/api.w.org\/{rel}","templated":true}]}}