{"id":412061,"date":"2016-07-20T17:42:56","date_gmt":"2016-07-20T22:42:56","guid":{"rendered":"http:\/\/www.futboltotal.com.mx\/?p=412061"},"modified":"2016-07-22T11:18:10","modified_gmt":"2016-07-22T16:18:10","slug":"mexico-la-elite-taekwondo-rio-2016","status":"publish","type":"post","link":"http:\/\/desarrollo.grupomedios.com\/futbol\/juegos-olimpicos-2016\/mexico-la-elite-taekwondo-rio-2016\/2016\/07","title":{"rendered":"M\u00e9xico, con la \u00e9lite de taekwondo para R\u00edo 2016"},"content":{"rendered":"<p>Los cuatro mexicanos que competir\u00e1n en el concurso de <strong>taekwondo<\/strong> de los<strong> Juegos Ol\u00edmpicos de R\u00edo<\/strong> de Janeiro estar\u00e1n envueltos en la lucha por las medallas, asegur\u00f3 el presidente de la Federaci\u00f3n nacional, Francisco Gonz\u00e1lez, en la presentaci\u00f3n del equipo.<\/p>\n<p>&#8220;No es obra de la casualidad, han sido cuatro a\u00f1os de trabajo duro en los que se han enfrentado a los mejores y ahora est\u00e1n preparados para buscar las medallas&#8221;, dijo Gonz\u00e1lez al referirse al hecho de que todos los integrantes del equipo ol\u00edmpico est\u00e1n entre los cuatro mejores del r\u00e1nking de su divisi\u00f3n.<\/p>\n<blockquote class=\"twitter-tweet\" data-lang=\"es\">\n<p dir=\"ltr\" lang=\"es\">Con motivo de a\u00f1o ol\u00edmpico, aqu\u00ed con dos medallistas ol\u00edmpicos y grandes amigos. <a href=\"https:\/\/twitter.com\/mariespinozatkd\">@mariespinozatkd<\/a> <a href=\"https:\/\/twitter.com\/SalazarB_oscar\">@SalazarB_oscar<\/a> <a href=\"https:\/\/t.co\/XNAq9pYxkz\">pic.twitter.com\/XNAq9pYxkz<\/a><\/p>\n<p>\u2014 Idulio Islas (@islas_idulio) <a href=\"https:\/\/twitter.com\/islas_idulio\/status\/754018028874891264\">15 de julio de 2016<\/a><\/p><\/blockquote>\n<p><script src=\"\/\/platform.twitter.com\/widgets.js\" async=\"\" charset=\"utf-8\"><\/script><\/p>\n<p>En un hotel de la capital mexicana, la federaci\u00f3n de <strong>taekwondo<\/strong> analiz\u00f3 este mi\u00e9rcoles las gr\u00e1ficas de las divisiones en las que habr\u00e1 mexicanos, que en todos los casos debutar\u00e1n contra rivales colocados entre el octavo y decimosexto lugares del mundo.<\/p>\n<p>&#8220;Hoy falta un mes exacto para mi competencia el 20 de agosto y me siento motivada y en armon\u00eda, el domingo viajamos a Canc\u00fan para afinar los detalles en condiciones de calor y humedad&#8221;, se\u00f1al\u00f3 la doble medallista ol\u00edmpica de m\u00e1s de 67 kilos, <strong>Mar\u00eda Espinoza<\/strong>.<\/p>\n<p>En hombres, el medallista mundial de 68 kilos, Sa\u00fal Guti\u00e9rrez, empezar\u00e1 ante el mongol Temuujin Purevjav y el campe\u00f3n panamericano de 58, Carlos Navarro, iniciar\u00e1 su camino a las medallas frente al libio Yousef Shriha.<\/p>\n<p><a href=\"http:\/\/www.futboltotal.com.mx\/wp-content\/uploads\/2016\/07\/maria-espinoza-taekwondo-rio-2016-1.jpg\"><img decoding=\"async\" loading=\"lazy\" class=\"alignnone size-full wp-image-412069\" src=\"http:\/\/www.futboltotal.com.mx\/wp-content\/uploads\/2016\/07\/maria-espinoza-taekwondo-rio-2016-1.jpg\" alt=\"maria-espinoza-taekwondo-rio-2016-1\" srcset=\"http:\/\/desarrollo.grupomedios.com\/futbol\/wp-content\/uploads\/2016\/07\/maria-espinoza-taekwondo-rio-2016-1.jpg 858w, http:\/\/desarrollo.grupomedios.com\/futbol\/wp-content\/uploads\/2016\/07\/maria-espinoza-taekwondo-rio-2016-1-300x151.jpg 300w, http:\/\/desarrollo.grupomedios.com\/futbol\/wp-content\/uploads\/2016\/07\/maria-espinoza-taekwondo-rio-2016-1-768x386.jpg 768w, http:\/\/desarrollo.grupomedios.com\/futbol\/wp-content\/uploads\/2016\/07\/maria-espinoza-taekwondo-rio-2016-1-340x171.jpg 340w\" sizes=\"(max-width: 858px) 100vw, 858px\" \/><\/a><\/p>\n<p>&nbsp;<\/p>\n","protected":false},"excerpt":{"rendered":"<p>&#8220;Han sido cuatro a\u00f1os de trabajo duro&#8221;<\/p>\n","protected":false},"author":144,"featured_media":412067,"comment_status":"closed","ping_status":"closed","sticky":false,"template":"","format":"standard","meta":[],"categories":[7269,7182,7189],"tags":[1911,5664],"_links":{"self":[{"href":"http:\/\/desarrollo.grupomedios.com\/futbol\/wp-json\/wp\/v2\/posts\/412061"}],"collection":[{"href":"http:\/\/desarrollo.grupomedios.com\/futbol\/wp-json\/wp\/v2\/posts"}],"about":[{"href":"http:\/\/desarrollo.grupomedios.com\/futbol\/wp-json\/wp\/v2\/types\/post"}],"author":[{"embeddable":true,"href":"http:\/\/desarrollo.grupomedios.com\/futbol\/wp-json\/wp\/v2\/users\/144"}],"replies":[{"embeddable":true,"href":"http:\/\/desarrollo.grupomedios.com\/futbol\/wp-json\/wp\/v2\/comments?post=412061"}],"version-history":[{"count":0,"href":"http:\/\/desarrollo.grupomedios.com\/futbol\/wp-json\/wp\/v2\/posts\/412061\/revisions"}],"wp:featuredmedia":[{"embeddable":true,"href":"http:\/\/desarrollo.grupomedios.com\/futbol\/wp-json\/wp\/v2\/media\/412067"}],"wp:attachment":[{"href":"http:\/\/desarrollo.grupomedios.com\/futbol\/wp-json\/wp\/v2\/media?parent=412061"}],"wp:term":[{"taxonomy":"category","embeddable":true,"href":"http:\/\/desarrollo.grupomedios.com\/futbol\/wp-json\/wp\/v2\/categories?post=412061"},{"taxonomy":"post_tag","embeddable":true,"href":"http:\/\/desarrollo.grupomedios.com\/futbol\/wp-json\/wp\/v2\/tags?post=412061"}],"curies":[{"name":"wp","href":"https:\/\/api.w.org\/{rel}","templated":true}]}}