{"id":412120,"date":"2016-07-20T20:08:41","date_gmt":"2016-07-21T01:08:41","guid":{"rendered":"http:\/\/www.futboltotal.com.mx\/?p=412120"},"modified":"2016-07-20T20:08:41","modified_gmt":"2016-07-21T01:08:41","slug":"francisco-palencia-innovador-pablo-barrera","status":"publish","type":"post","link":"http:\/\/desarrollo.grupomedios.com\/futbol\/futbol-mexicano\/francisco-palencia-innovador-pablo-barrera\/2016\/07","title":{"rendered":"Francisco Palencia es un innovador: Pablo Barrera"},"content":{"rendered":"<p>El futbolista de <a href=\"http:\/\/futboltotal.com.mx\/equipos\/unam\/\" target=\"_blank\"><strong>Pumas<\/strong><\/a>, <strong>Pablo Barrera<\/strong>, habl\u00f3 sobre el trabajo de su director t\u00e9cnico, <strong>Francisco Palencia<\/strong>, en el conjunto <em>auriazul<\/em>, donde destac\u00f3 que el ex futbolista tiene gran calidad humana y que no ha cambiado en la entrega que tiene hacia el equipo.<\/p>\n<p>&#8220;Ahora como entrenador, te pone lo que era como jugador. Pelear todos los balones a muerte, no escatimar ning\u00fan bal\u00f3n. Fuera del campo, podemos ser amigos, pero dentro del campo tenemos que pelear&#8221;, explic\u00f3 <strong>Pablo Barrera<\/strong>, en entrevista con <em>ESPN<\/em>.<\/p>\n<p style=\"text-align: center;\"><span style=\"color: #3366ff;\"><a style=\"color: #3366ff;\" href=\"http:\/\/www.futboltotal.com.mx\/2016\/07\/le-ha-ido-a-los-4-grandes-en-la-copa-mx\/\" target=\"_blank\"><strong>LEER M\u00c1S: C\u00f3mo les va a los 4 grandes en la Copa MX<\/strong><\/a><\/span><\/p>\n<p>El volante de <strong>Pumas<\/strong>, tambi\u00e9n se\u00f1ala que <strong>Francisco Palencia<\/strong> llega preparado y con ideas nuevas, aunque esas ideas novedosas han sido dif\u00edciles de acoplar, por parte de los jugadores <em>auriazules<\/em>, quienes apenas se est\u00e1n adaptando.<\/p>\n<p><a href=\"http:\/\/www.futboltotal.com.mx\/wp-content\/uploads\/2016\/07\/frase-pablo-barrera.jpg\"><img decoding=\"async\" loading=\"lazy\" class=\"alignnone size-full wp-image-412123\" src=\"http:\/\/www.futboltotal.com.mx\/wp-content\/uploads\/2016\/07\/frase-pablo-barrera.jpg\" alt=\"frase-pablo-barrera\" srcset=\"http:\/\/desarrollo.grupomedios.com\/futbol\/wp-content\/uploads\/2016\/07\/frase-pablo-barrera.jpg 858w, http:\/\/desarrollo.grupomedios.com\/futbol\/wp-content\/uploads\/2016\/07\/frase-pablo-barrera-300x251.jpg 300w, http:\/\/desarrollo.grupomedios.com\/futbol\/wp-content\/uploads\/2016\/07\/frase-pablo-barrera-768x644.jpg 768w\" sizes=\"(max-width: 858px) 100vw, 858px\" \/><\/a><\/p>\n<p><span style=\"color: #ff0000;\">VIDEO: Agenda TV | Jornada 2 del Apertura 2016<\/span><\/p>\n<p>[video_player]https:\/\/player.vimeo.com\/external\/175409663.hd.mp4?s=65bd7f2f26454e8920d6efaabe8cea9767cae5a6&amp;profile_id=174[\/video_player]<\/p>\n","protected":false},"excerpt":{"rendered":"<p>El volante auriazul presume que su DT tiene ideas nuevas<\/p>\n","protected":false},"author":20,"featured_media":412121,"comment_status":"closed","ping_status":"closed","sticky":false,"template":"","format":"standard","meta":[],"categories":[2198,3845,5950],"tags":[1449,82,74],"_links":{"self":[{"href":"http:\/\/desarrollo.grupomedios.com\/futbol\/wp-json\/wp\/v2\/posts\/412120"}],"collection":[{"href":"http:\/\/desarrollo.grupomedios.com\/futbol\/wp-json\/wp\/v2\/posts"}],"about":[{"href":"http:\/\/desarrollo.grupomedios.com\/futbol\/wp-json\/wp\/v2\/types\/post"}],"author":[{"embeddable":true,"href":"http:\/\/desarrollo.grupomedios.com\/futbol\/wp-json\/wp\/v2\/users\/20"}],"replies":[{"embeddable":true,"href":"http:\/\/desarrollo.grupomedios.com\/futbol\/wp-json\/wp\/v2\/comments?post=412120"}],"version-history":[{"count":0,"href":"http:\/\/desarrollo.grupomedios.com\/futbol\/wp-json\/wp\/v2\/posts\/412120\/revisions"}],"wp:featuredmedia":[{"embeddable":true,"href":"http:\/\/desarrollo.grupomedios.com\/futbol\/wp-json\/wp\/v2\/media\/412121"}],"wp:attachment":[{"href":"http:\/\/desarrollo.grupomedios.com\/futbol\/wp-json\/wp\/v2\/media?parent=412120"}],"wp:term":[{"taxonomy":"category","embeddable":true,"href":"http:\/\/desarrollo.grupomedios.com\/futbol\/wp-json\/wp\/v2\/categories?post=412120"},{"taxonomy":"post_tag","embeddable":true,"href":"http:\/\/desarrollo.grupomedios.com\/futbol\/wp-json\/wp\/v2\/tags?post=412120"}],"curies":[{"name":"wp","href":"https:\/\/api.w.org\/{rel}","templated":true}]}}