{"id":412249,"date":"2016-07-21T10:43:34","date_gmt":"2016-07-21T15:43:34","guid":{"rendered":"http:\/\/www.futboltotal.com.mx\/?p=412249"},"modified":"2016-07-21T10:43:34","modified_gmt":"2016-07-21T15:43:34","slug":"atletas-rusos-se-quedan-sin-juegos-olimpicos","status":"publish","type":"post","link":"http:\/\/desarrollo.grupomedios.com\/futbol\/no-todo-es-futbol\/atletas-rusos-se-quedan-sin-juegos-olimpicos\/2016\/07","title":{"rendered":"Atletas rusos se quedan sin Juegos Ol\u00edmpicos"},"content":{"rendered":"<p>El Tribunal de <strong>Arbitraje Deportivo (TAS)<\/strong> rechaz\u00f3 hoy el recurso del <strong>atletismo ruso<\/strong> y lo dej\u00f3 fuera de los <strong>Juegos Ol\u00edmpicos de R\u00edo<\/strong>.<\/p>\n<p>El dictamen del TAS, publicado en su p\u00e1gina oficial, mantuvo la suspensi\u00f3n contra la <strong>Federaci\u00f3n de Atletismo de <span class=\"classCadenaBusqueda\">Rusia<\/span><\/strong> decretada por la Federaci\u00f3n Internacional de Atletismo (IAAF) por el esc\u00e1ndalo de dopaje.<\/p>\n<p>El recurso contra la decisi\u00f3n de la IAFF fue presentado por 68 atletas rusos, entre ellos entre ella la zarina de la p\u00e9rtiga, Yelena Isinb\u00e1yeva, y el <strong>Comit\u00e9 Ol\u00edmpico de <span class=\"classCadenaBusqueda\">Rusia<\/span><\/strong>.<\/p>\n<p>El fallo del <strong>TAS<\/strong> podr\u00eda ser clave para la presencia del equipo ol\u00edmpico ruso en R\u00edo despu\u00e9s de que el lunes el informe McLaren encargado por la Agencia Mundial Antidopaje (AMA) acusara a <strong><span class=\"classCadenaBusqueda\">Rusia<\/span><\/strong> de dopaje de Estado durante los Juegos de Invierno de Sochi.<\/p>\n<p>&#8220;A mi modo de ver se trata de una decisi\u00f3n subjetiva, de una decisi\u00f3n un poco politizada, que no tiene ninguna base jur\u00eddica&#8221;, dijo el ministro de Deportes de <span class=\"classCadenaBusqueda\">Rusia<\/span>, Vitali Mutk\u00f3, nada m\u00e1s conocerse el dictamen del <strong>TAS<\/strong>.<\/p>\n<p style=\"text-align: center;\"><span style=\"color: #3366ff;\">LEER M\u00c1S:\u00a0<a style=\"color: #3366ff;\" href=\"http:\/\/www.futboltotal.com.mx\/2016\/07\/janina-neoral-vacaciona-marco-fabian-en-mexico\/\">Janina Neoral seduce a M\u00e9xico<\/a><\/span><\/p>\n<p>El dictamen fue anunciado en Lausana por el secretario general del <strong>TAS<\/strong>, Matthiue Reeb, que precis\u00f3 que \u00e9ste puede ser apelado en un plazo de 30 d\u00edas.<\/p>\n<p>El <strong>TAS<\/strong> ha confirmado la validez del argumento de la IAAF que establece que los atletas de las federaciones suspendidas no pueden participar en competiciones organizadas por la IAAF, seg\u00fan la Carta Ol\u00edmpica, &#8220;a menos que satisfagan unos criterios espec\u00edficos&#8221;.<\/p>\n<p>Por ello, deja la puerta abierta a que algunos atletas rusos &#8220;que cumplan esos criterios se les permita competir en los Juegos de R\u00edo&#8221;.<\/p>\n<blockquote class=\"twitter-tweet\" data-lang=\"es\">\n<p dir=\"ltr\" lang=\"es\">ZAS EL TAS NO ACEPTA APELACION RUSA. LOS ATLETAS DE PISTA Y CAMPO FUERA <a href=\"https:\/\/t.co\/r6QjP4smm6\">pic.twitter.com\/r6QjP4smm6<\/a><\/p>\n<p>\u2014 FERNANDO SCHWARTZ (@fersch_4) <a href=\"https:\/\/twitter.com\/fersch_4\/status\/756096458353278976\">21 de julio de 2016<\/a><\/p><\/blockquote>\n<p><script src=\"\/\/platform.twitter.com\/widgets.js\" async=\"\" charset=\"utf-8\"><\/script><\/p>\n<p>Dicho criterio consiste en entrenar en el extranjero durante varios a\u00f1os y haber sido controlado por agencias antidopaje de otros pa\u00edses.<\/p>\n<p>En estos momentos, s\u00f3lo la saltadora de longitud Daria Kl\u00edshina, bronce en los Europeos en 2014 y campeona nacional en junio pasado, puede participar en los Juegos al entrenar en Estados Unidos.EFE<\/p>\n","protected":false},"excerpt":{"rendered":"<p>El TAS rechaz\u00f3 la petici\u00f3n rusa para poder participar<\/p>\n","protected":false},"author":20,"featured_media":412250,"comment_status":"closed","ping_status":"closed","sticky":false,"template":"","format":"standard","meta":[],"categories":[7182,5418,7188,6411],"tags":[5460,1911,5664,1063],"_links":{"self":[{"href":"http:\/\/desarrollo.grupomedios.com\/futbol\/wp-json\/wp\/v2\/posts\/412249"}],"collection":[{"href":"http:\/\/desarrollo.grupomedios.com\/futbol\/wp-json\/wp\/v2\/posts"}],"about":[{"href":"http:\/\/desarrollo.grupomedios.com\/futbol\/wp-json\/wp\/v2\/types\/post"}],"author":[{"embeddable":true,"href":"http:\/\/desarrollo.grupomedios.com\/futbol\/wp-json\/wp\/v2\/users\/20"}],"replies":[{"embeddable":true,"href":"http:\/\/desarrollo.grupomedios.com\/futbol\/wp-json\/wp\/v2\/comments?post=412249"}],"version-history":[{"count":0,"href":"http:\/\/desarrollo.grupomedios.com\/futbol\/wp-json\/wp\/v2\/posts\/412249\/revisions"}],"wp:featuredmedia":[{"embeddable":true,"href":"http:\/\/desarrollo.grupomedios.com\/futbol\/wp-json\/wp\/v2\/media\/412250"}],"wp:attachment":[{"href":"http:\/\/desarrollo.grupomedios.com\/futbol\/wp-json\/wp\/v2\/media?parent=412249"}],"wp:term":[{"taxonomy":"category","embeddable":true,"href":"http:\/\/desarrollo.grupomedios.com\/futbol\/wp-json\/wp\/v2\/categories?post=412249"},{"taxonomy":"post_tag","embeddable":true,"href":"http:\/\/desarrollo.grupomedios.com\/futbol\/wp-json\/wp\/v2\/tags?post=412249"}],"curies":[{"name":"wp","href":"https:\/\/api.w.org\/{rel}","templated":true}]}}