{"id":412256,"date":"2016-07-21T13:44:07","date_gmt":"2016-07-21T18:44:07","guid":{"rendered":"http:\/\/www.futboltotal.com.mx\/?p=412256"},"modified":"2016-07-21T13:44:07","modified_gmt":"2016-07-21T18:44:07","slug":"juventus-ficha-a-marko-pjaca","status":"publish","type":"post","link":"http:\/\/desarrollo.grupomedios.com\/futbol\/futbol-internacional\/juventus-ficha-a-marko-pjaca\/2016\/07","title":{"rendered":"Juventus ficha a la revelaci\u00f3n de la Eurocopa"},"content":{"rendered":"<p><strong>Juventus<\/strong> hizo oficial hoy el fichaje del croata<strong> Marko Pjaca<\/strong>, una de las revelaciones de la \u00faltima Eurocopa, al abonar 23 millones de euros al Dinamo Zagreb, que ten\u00eda la ficha del futbolista.<\/p>\n<p>&#8220;El Juventus comunica que lleg\u00f3 a un acuerdo con la sociedad GNK Dinamo Zagreb para la adquisici\u00f3n a t\u00edtulo definitivo del derecho a las prestaciones deportivas del futbolista Marko Pjaca a cambio de 23 millones, que se podr\u00e1n pagar en dos cuotas&#8221;, inform\u00f3 el club italiano a trav\u00e9s de su p\u00e1gina web.<\/p>\n<blockquote class=\"twitter-tweet\" data-lang=\"es\">\n<p dir=\"ltr\" lang=\"it\">UFFICIALE: Marko Pjaca \u00e8 bianconero! <a href=\"https:\/\/t.co\/h2Vgf0GjMm\">https:\/\/t.co\/h2Vgf0GjMm<\/a> <a href=\"https:\/\/t.co\/TMtQuxpdKr\">pic.twitter.com\/TMtQuxpdKr<\/a><\/p>\n<p>\u2014 JuventusFC (@juventusfc) <a href=\"https:\/\/twitter.com\/juventusfc\/status\/756160111358410752\">21 de julio de 2016<\/a><\/p><\/blockquote>\n<p><script src=\"\/\/platform.twitter.com\/widgets.js\" async=\"\" charset=\"utf-8\"><\/script><br \/>\n <strong>Pjaca<\/strong>, de 21 a\u00f1os, lleg\u00f3 a Tur\u00edn esta ma\u00f1ana en un vuelo procedente de la capital croata y firm\u00f3 un contrato de cinco a\u00f1os con el <strong>Juventus<\/strong> tras someterse a los controles m\u00e9dicos en la instalaci\u00f3n &#8220;J Medical&#8221;, de propiedad del club &#8220;bianconero&#8221;.<\/p>\n<p>La gran polivalencia t\u00e1ctica del joven croata, que puede jugar de extremo, de mediapunta o incluso de delantero centro, le hab\u00eda convertido en un objetivo de varios equipos italianos, como N\u00e1poles y Milan, pero fue el Juventus quien prevaleci\u00f3, finalmente.<\/p>\n<p>Pjaca (Zagreb, 6 de mayo 1995) se luci\u00f3 en la \u00faltima Eurocopa de Francia, en la que lleg\u00f3 hasta los octavos de final y fue el tercer mejor regateador despu\u00e9s del gal\u00e9s del Real Madrid Gareth Bale y del belga del Chelsea Eden Hazard.<\/p>\n<blockquote class=\"twitter-tweet\" data-lang=\"es\"><p>\n&#8230; e queste sono le foto della firma di Pjaca! <a href=\"https:\/\/twitter.com\/hashtag\/WelcomeMarko?src=hash\">#WelcomeMarko<\/a> <a href=\"https:\/\/t.co\/lPymfmH46W\">pic.twitter.com\/lPymfmH46W<\/a><\/p>\n<p>\u2014 JuventusFC (@juventusfc) <a href=\"https:\/\/twitter.com\/juventusfc\/status\/756172007084060672\">21 de julio de 2016<\/a>\n<\/p><\/blockquote>\n<p><script src=\"\/\/platform.twitter.com\/widgets.js\" async=\"\" charset=\"utf-8\"><\/script><\/p>\n<p>A pesar de tener solo 21 a\u00f1os, el nuevo jugador del Juventus conquist\u00f3 ya cuatro trofeos, al haber ganado dos campeonatos y dos copas nacionales croatas en las \u00faltimas dos temporadas.<\/p>\n<p>Pjaca dispondr\u00e1 a\u00fan de una semana de vacaciones antes de unirse al grupo en el centro deportivo de Vinovo (Tur\u00edn, norte) el pr\u00f3ximo 28 de julio, seg\u00fan confirm\u00f3 el Juventus.<\/p>\n","protected":false},"excerpt":{"rendered":"<p>Los Bianconeri tienen su s\u00e9ptimo refuerzo para la temporada 2016-17<\/p>\n","protected":false},"author":20,"featured_media":412293,"comment_status":"closed","ping_status":"closed","sticky":false,"template":"","format":"standard","meta":[],"categories":[3839,3848,5951],"tags":[640,5999,3664],"_links":{"self":[{"href":"http:\/\/desarrollo.grupomedios.com\/futbol\/wp-json\/wp\/v2\/posts\/412256"}],"collection":[{"href":"http:\/\/desarrollo.grupomedios.com\/futbol\/wp-json\/wp\/v2\/posts"}],"about":[{"href":"http:\/\/desarrollo.grupomedios.com\/futbol\/wp-json\/wp\/v2\/types\/post"}],"author":[{"embeddable":true,"href":"http:\/\/desarrollo.grupomedios.com\/futbol\/wp-json\/wp\/v2\/users\/20"}],"replies":[{"embeddable":true,"href":"http:\/\/desarrollo.grupomedios.com\/futbol\/wp-json\/wp\/v2\/comments?post=412256"}],"version-history":[{"count":0,"href":"http:\/\/desarrollo.grupomedios.com\/futbol\/wp-json\/wp\/v2\/posts\/412256\/revisions"}],"wp:featuredmedia":[{"embeddable":true,"href":"http:\/\/desarrollo.grupomedios.com\/futbol\/wp-json\/wp\/v2\/media\/412293"}],"wp:attachment":[{"href":"http:\/\/desarrollo.grupomedios.com\/futbol\/wp-json\/wp\/v2\/media?parent=412256"}],"wp:term":[{"taxonomy":"category","embeddable":true,"href":"http:\/\/desarrollo.grupomedios.com\/futbol\/wp-json\/wp\/v2\/categories?post=412256"},{"taxonomy":"post_tag","embeddable":true,"href":"http:\/\/desarrollo.grupomedios.com\/futbol\/wp-json\/wp\/v2\/tags?post=412256"}],"curies":[{"name":"wp","href":"https:\/\/api.w.org\/{rel}","templated":true}]}}