{"id":412268,"date":"2016-07-21T09:00:44","date_gmt":"2016-07-21T14:00:44","guid":{"rendered":"http:\/\/www.futboltotal.com.mx\/?p=412268"},"modified":"2016-07-21T15:19:56","modified_gmt":"2016-07-21T20:19:56","slug":"10-fichajes-caros-en-la-historia-del-futbol","status":"publish","type":"post","link":"http:\/\/desarrollo.grupomedios.com\/futbol\/futbol-internacional\/10-fichajes-caros-en-la-historia-del-futbol\/2016\/07","title":{"rendered":"10 fichajes m\u00e1s caros en la historia del futbol"},"content":{"rendered":"<p>El traspaso de <strong>Paul Pogba<\/strong> al <strong>Manchester United<\/strong> est\u00e1 muy cerca de concretarse. Y de ser as\u00ed su fichaje romper\u00eda el mercado y modificar\u00eda la lista de los 10 fichajes m\u00e1s caros en la historia del futbol, toda vez que los <em>Red Devils<\/em>\u00a0desembolsar\u00e1n una cifra cercana a los 120 millones de euros.<\/p>\n<p>Con la incursi\u00f3n de <strong>Pogba<\/strong> en el listado, en <em>Futbol Total<\/em> te presentamos el recuento de c\u00f3mo quedar\u00edan las transferencias r\u00e9cord.<\/p>\n<p style=\"text-align: center;\"><span style=\"color: #3366ff;\"><strong><a style=\"color: #3366ff;\" href=\"http:\/\/www.futboltotal.com.mx\/2016\/07\/mercado-fichajes-en-europa\/\">LEER M\u00c1S: Mercado de fichajes en Europa<\/a><\/strong><\/span><br \/>\n<script src=\"\/\/cdn.playbuzz.com\/widget\/feed.js\" type=\"text\/javascript\"><\/script><\/p>\n<div class=\"pb_feed\" data-embed-by=\"d43f3879-83ed-40bc-99d7-fde80605466f\" data-game=\"\/futboltotal\/los-10-fichajes-m-s-caros-en-la-historia-de-futbol\" data-recommend=\"false\" data-game-info=\"false\"><\/div>\n<p>Gareth Bale y Cristiano Ronaldo, fichajes del Real Madrid, ya no son los m\u00e1s caros. Ahora ocupan el segundo y tercer puesto respectivamente. y Neymar Jr. los escolta en el cuarto pelda\u00f1o.\u00a0Siguen siendo controvertidos los montos pagados por el gal\u00e9s y el brasile\u00f1o. Oficialmente, Real Madrid revel\u00f3 que pagaron lo mismo por \u00e9l que por Cristiano Ronaldo para mantener al portugu\u00e9s al tope de la lista, pero las investigaciones han revelado otros datos que soportan la noci\u00f3n que se pag\u00f3 m\u00e1s por Bale.<\/p>\n<p>Neymar, por su parte, no aparec\u00eda en la lista originalmente en 2013, pero las demandas en contra de Barcelona para la cantidad real propiciaron una reevaluaci\u00f3n del monto total que se dispar\u00f3 hasta los 86 MDE, sin contar la serie de primas que elevan su traspaso m\u00e1s all\u00e1 de los 100 <em>kilos.<\/em><\/p>\n<p>\u00bfHabr\u00e1 en el mercado de fichajes de la temporada 2016-17 otro fichajes r\u00e9cord?<\/p>\n","protected":false},"excerpt":{"rendered":"<p>Los clubes han pagado un total de 893.5 MDe por estos cracks <\/p>\n","protected":false},"author":20,"featured_media":412275,"comment_status":"closed","ping_status":"closed","sticky":false,"template":"","format":"standard","meta":[],"categories":[3839,3844,3846,5951],"tags":[640,3664],"_links":{"self":[{"href":"http:\/\/desarrollo.grupomedios.com\/futbol\/wp-json\/wp\/v2\/posts\/412268"}],"collection":[{"href":"http:\/\/desarrollo.grupomedios.com\/futbol\/wp-json\/wp\/v2\/posts"}],"about":[{"href":"http:\/\/desarrollo.grupomedios.com\/futbol\/wp-json\/wp\/v2\/types\/post"}],"author":[{"embeddable":true,"href":"http:\/\/desarrollo.grupomedios.com\/futbol\/wp-json\/wp\/v2\/users\/20"}],"replies":[{"embeddable":true,"href":"http:\/\/desarrollo.grupomedios.com\/futbol\/wp-json\/wp\/v2\/comments?post=412268"}],"version-history":[{"count":0,"href":"http:\/\/desarrollo.grupomedios.com\/futbol\/wp-json\/wp\/v2\/posts\/412268\/revisions"}],"wp:featuredmedia":[{"embeddable":true,"href":"http:\/\/desarrollo.grupomedios.com\/futbol\/wp-json\/wp\/v2\/media\/412275"}],"wp:attachment":[{"href":"http:\/\/desarrollo.grupomedios.com\/futbol\/wp-json\/wp\/v2\/media?parent=412268"}],"wp:term":[{"taxonomy":"category","embeddable":true,"href":"http:\/\/desarrollo.grupomedios.com\/futbol\/wp-json\/wp\/v2\/categories?post=412268"},{"taxonomy":"post_tag","embeddable":true,"href":"http:\/\/desarrollo.grupomedios.com\/futbol\/wp-json\/wp\/v2\/tags?post=412268"}],"curies":[{"name":"wp","href":"https:\/\/api.w.org\/{rel}","templated":true}]}}