{"id":412295,"date":"2016-07-21T13:50:32","date_gmt":"2016-07-21T18:50:32","guid":{"rendered":"http:\/\/www.futboltotal.com.mx\/?p=412295"},"modified":"2016-07-21T15:40:06","modified_gmt":"2016-07-21T20:40:06","slug":"chivas-regresaria-a-la-tv-llega-a-la-final","status":"publish","type":"post","link":"http:\/\/desarrollo.grupomedios.com\/futbol\/futbol-mexicano\/chivas-regresaria-a-la-tv-llega-a-la-final\/2016\/07","title":{"rendered":"\u00a1Chivas regresar\u00eda a la TV!&#8230; Con una condici\u00f3n"},"content":{"rendered":"<p>El due\u00f1o de <a href=\"http:\/\/www.futboltotal.com.mx\/equipos\/guadalajara\/\" target=\"_blank\"><strong>Chivas<\/strong><\/a>, <strong>Jorge Vergara<\/strong>, se\u00f1al\u00f3 en una entrevista, que el Guadalajara s\u00ed podr\u00eda regresar a la se\u00f1al de TV en este Apertura 2016, pero s\u00f3lo en el caso, de que el <em>Reba\u00f1o Sagrado<\/em> llegue a la final del torneo, as\u00ed habr\u00eda cobertura de una cadena nacional o internacional, adem\u00e1s de la plataforma <em>rojiblanca<\/em>.<\/p>\n<p>&#8220;<strong>Chivas TV<\/strong> ser\u00e1 una se\u00f1al exclusiva y \u00fanicamente se vender\u00eda a otra cadena si el <em>Reba\u00f1o Sagrado<\/em> llega a pelear el t\u00edtulo&#8221;, revel\u00f3 <strong>Jorge Vergara<\/strong>, en una charla con el suplemento deportivo <em>Cancha<\/em>, donde a\u00f1adi\u00f3, que no importa con qu\u00e9 cadena, sea de TV restringida o abierta, estar\u00e1 dispuesto a negociar, para ceder los derechos de transmisi\u00f3n, durante ese encuentro especial de inter\u00e9s nacional.<\/p>\n<p style=\"text-align: center;\"><span style=\"color: #3366ff;\"><a style=\"color: #3366ff;\" href=\"http:\/\/www.futboltotal.com.mx\/2016\/07\/jorge-vergara-tendra-programa-en-chivas-tv\/\" target=\"_blank\"><strong>LEER M\u00c1S: El show de Jorge Vergara&#8230;por Chivas TV<\/strong><\/a><\/span><\/p>\n<p>El mandam\u00e1s del cuadro<em> rojiblanco<\/em> est\u00e1 contento con la labor del equipo de producci\u00f3n de <strong>Chivas TV<\/strong>, y est\u00e1 seguro de que a todo el p\u00fablico le agradar\u00e1 la primera transmisi\u00f3n de un juego del <em>Reba\u00f1o Sagrado,<\/em> en la Liga MX.<\/p>\n<p><span style=\"color: #ff0000;\"><strong>VIDEO<\/strong>: La historia de Marco Fabi\u00e1n<\/span><\/p>\n<p>[video_player]https:\/\/player.vimeo.com\/external\/175725211.sd.mp4?s=eb9773ecbb68ab7ea789bfc34d460883ccad11df&amp;profile_id=165[\/video_player]<\/p>\n","protected":false},"excerpt":{"rendered":"<p>Vergara apunta que s\u00f3lo hay una opci\u00f3n para negociar con cadenas<\/p>\n","protected":false},"author":20,"featured_media":412296,"comment_status":"closed","ping_status":"closed","sticky":false,"template":"","format":"standard","meta":[],"categories":[2198,3845,5950],"tags":[70,7110,243],"_links":{"self":[{"href":"http:\/\/desarrollo.grupomedios.com\/futbol\/wp-json\/wp\/v2\/posts\/412295"}],"collection":[{"href":"http:\/\/desarrollo.grupomedios.com\/futbol\/wp-json\/wp\/v2\/posts"}],"about":[{"href":"http:\/\/desarrollo.grupomedios.com\/futbol\/wp-json\/wp\/v2\/types\/post"}],"author":[{"embeddable":true,"href":"http:\/\/desarrollo.grupomedios.com\/futbol\/wp-json\/wp\/v2\/users\/20"}],"replies":[{"embeddable":true,"href":"http:\/\/desarrollo.grupomedios.com\/futbol\/wp-json\/wp\/v2\/comments?post=412295"}],"version-history":[{"count":0,"href":"http:\/\/desarrollo.grupomedios.com\/futbol\/wp-json\/wp\/v2\/posts\/412295\/revisions"}],"wp:featuredmedia":[{"embeddable":true,"href":"http:\/\/desarrollo.grupomedios.com\/futbol\/wp-json\/wp\/v2\/media\/412296"}],"wp:attachment":[{"href":"http:\/\/desarrollo.grupomedios.com\/futbol\/wp-json\/wp\/v2\/media?parent=412295"}],"wp:term":[{"taxonomy":"category","embeddable":true,"href":"http:\/\/desarrollo.grupomedios.com\/futbol\/wp-json\/wp\/v2\/categories?post=412295"},{"taxonomy":"post_tag","embeddable":true,"href":"http:\/\/desarrollo.grupomedios.com\/futbol\/wp-json\/wp\/v2\/tags?post=412295"}],"curies":[{"name":"wp","href":"https:\/\/api.w.org\/{rel}","templated":true}]}}