{"id":412300,"date":"2016-07-21T14:09:47","date_gmt":"2016-07-21T19:09:47","guid":{"rendered":"http:\/\/www.futboltotal.com.mx\/?p=412300"},"modified":"2016-07-21T15:39:38","modified_gmt":"2016-07-21T20:39:38","slug":"guia-supervivencia-la-jornada-2-del-apertura-2016","status":"publish","type":"post","link":"http:\/\/desarrollo.grupomedios.com\/futbol\/futbol-mexicano\/guia-supervivencia-la-jornada-2-del-apertura-2016\/2016\/07","title":{"rendered":"Gu\u00eda de supervivencia para el Apertura 2016"},"content":{"rendered":"<p>La segunda fecha del <strong>Apertura 2016<\/strong>, est\u00e1 muy cerca de llevarse a cabo, y en ella se esperan grandes duelos, sobre todo porque dos de los equipos m\u00e1s populares del pa\u00eds, <a href=\"http:\/\/www.futboltotal.com.mx\/equipos\/cruz-azul\/\" target=\"_blank\">Cruz Azul<\/a> y <a href=\"http:\/\/www.futboltotal.com.mx\/equipos\/unam\/\" target=\"_blank\">Pumas<\/a>, tendr\u00e1n que verse las caras.<\/p>\n<p>Adem\u00e1s, es la \u00faltima fecha en que los equipos de la <strong>Liga MX<\/strong> contar\u00e1n con jugadores Ol\u00edmpicos, as\u00ed que equipos como <a href=\"http:\/\/www.futboltotal.com.mx\/equipos\/guadalajara\/\" target=\"_blank\">Chivas<\/a>, <a href=\"http:\/\/www.futboltotal.com.mx\/equipos\/pachuca\/\" target=\"_blank\">Pachuca<\/a> y <a href=\"http:\/\/www.futboltotal.com.mx\/equipos\/monterrey\/\" target=\"_blank\">Monterrey<\/a>, deber\u00e1n de aprovechar al ciento por ciento a sus futbolistas, antes de dejarlos partir.<\/p>\n<p>Otra de las cosas que acaparar\u00e1 las miradas de todos, ser\u00e1 la reconciliaci\u00f3n con el gol que requieren <strong>Joffre Guerr\u00f3n<\/strong> y <strong>Carlos Pe\u00f1a<\/strong>, pues ambos han fallado mucho, y la afici\u00f3n comienza a impacientarse. Esa y otras cosas har\u00e1n encender las emociones de los aficionados, por eso en <strong>Futbol Total<\/strong> compartimos nuestras tradicionales recomendaciones para los partidos.<\/p>\n<p style=\"text-align: center;\"><span style=\"color: #3366ff;\"><a style=\"color: #3366ff;\" href=\"http:\/\/www.futboltotal.com.mx\/2016\/07\/chivas-pachuca-monterrey-las-victimas-los-juegos-olimpicos\/\" target=\"_blank\"><strong>LEER M\u00c1S: Las v\u00edctimas de los Juegos Ol\u00edmpicos en la Liga MX<\/strong><\/a><\/span><\/p>\n<p>Precuaci\u00f3n: Toma con humor, los comentarios de esta <strong>Gu\u00eda de supervivencia<\/strong> para la <strong>jornada 2 del Apertura 2016<\/strong>:<\/p>\n<p><a href=\"http:\/\/www.futboltotal.com.mx\/wp-content\/uploads\/2016\/07\/guiajornada216.jpg\"><img decoding=\"async\" loading=\"lazy\" class=\"alignnone size-full wp-image-412301\" src=\"http:\/\/www.futboltotal.com.mx\/wp-content\/uploads\/2016\/07\/guiajornada216.jpg\" alt=\"guiajornada216\" srcset=\"http:\/\/desarrollo.grupomedios.com\/futbol\/wp-content\/uploads\/2016\/07\/guiajornada216.jpg 858w, http:\/\/desarrollo.grupomedios.com\/futbol\/wp-content\/uploads\/2016\/07\/guiajornada216-187x300.jpg 187w, http:\/\/desarrollo.grupomedios.com\/futbol\/wp-content\/uploads\/2016\/07\/guiajornada216-768x1234.jpg 768w, http:\/\/desarrollo.grupomedios.com\/futbol\/wp-content\/uploads\/2016\/07\/guiajornada216-637x1024.jpg 637w\" sizes=\"(max-width: 858px) 100vw, 858px\" \/><\/a><\/p>\n<p><span style=\"color: #ff0000;\"><strong>VIDEO<\/strong>: La historia de Marco Fabi\u00e1n<\/span><\/p>\n<p>[video_player]https:\/\/player.vimeo.com\/external\/175725211.sd.mp4?s=eb9773ecbb68ab7ea789bfc34d460883ccad11df&amp;profile_id=165[\/video_player]<\/p>\n","protected":false},"excerpt":{"rendered":"<p>\u00a1Se vienen duelos intensos en la jornada 2!<\/p>\n","protected":false},"author":20,"featured_media":412302,"comment_status":"closed","ping_status":"closed","sticky":false,"template":"","format":"standard","meta":[],"categories":[2198,3845,5950],"tags":[6927,6818],"_links":{"self":[{"href":"http:\/\/desarrollo.grupomedios.com\/futbol\/wp-json\/wp\/v2\/posts\/412300"}],"collection":[{"href":"http:\/\/desarrollo.grupomedios.com\/futbol\/wp-json\/wp\/v2\/posts"}],"about":[{"href":"http:\/\/desarrollo.grupomedios.com\/futbol\/wp-json\/wp\/v2\/types\/post"}],"author":[{"embeddable":true,"href":"http:\/\/desarrollo.grupomedios.com\/futbol\/wp-json\/wp\/v2\/users\/20"}],"replies":[{"embeddable":true,"href":"http:\/\/desarrollo.grupomedios.com\/futbol\/wp-json\/wp\/v2\/comments?post=412300"}],"version-history":[{"count":0,"href":"http:\/\/desarrollo.grupomedios.com\/futbol\/wp-json\/wp\/v2\/posts\/412300\/revisions"}],"wp:featuredmedia":[{"embeddable":true,"href":"http:\/\/desarrollo.grupomedios.com\/futbol\/wp-json\/wp\/v2\/media\/412302"}],"wp:attachment":[{"href":"http:\/\/desarrollo.grupomedios.com\/futbol\/wp-json\/wp\/v2\/media?parent=412300"}],"wp:term":[{"taxonomy":"category","embeddable":true,"href":"http:\/\/desarrollo.grupomedios.com\/futbol\/wp-json\/wp\/v2\/categories?post=412300"},{"taxonomy":"post_tag","embeddable":true,"href":"http:\/\/desarrollo.grupomedios.com\/futbol\/wp-json\/wp\/v2\/tags?post=412300"}],"curies":[{"name":"wp","href":"https:\/\/api.w.org\/{rel}","templated":true}]}}