{"id":412315,"date":"2016-07-21T15:12:18","date_gmt":"2016-07-21T20:12:18","guid":{"rendered":"http:\/\/www.futboltotal.com.mx\/?p=412315"},"modified":"2016-07-21T15:15:08","modified_gmt":"2016-07-21T20:15:08","slug":"raul-jimenez-caro-en-la-historia-portugal-mexico","status":"publish","type":"post","link":"http:\/\/desarrollo.grupomedios.com\/futbol\/destacado-home\/raul-jimenez-caro-en-la-historia-portugal-mexico\/2016\/07","title":{"rendered":"Ra\u00fal Jim\u00e9nez, el m\u00e1s caro en la historia de Portugal y M\u00e9xico"},"content":{"rendered":"<p>Los 22 millones de euros desembolsados por el <strong>Benfica<\/strong> han servido para que el delantero <strong>Ra\u00fal Jim\u00e9nez<\/strong> rompa un doble r\u00e9cord: el de futbolista <strong>m\u00e1s caro en la historia del f\u00fatbol portugu\u00e9s y del balompi\u00e9 mexicano.<\/strong><\/p>\n<p><strong>Jim\u00e9nez<\/strong>, de 25 a\u00f1os, super\u00f3 al brasile\u00f1o &#8216;Hulk&#8217; y al franc\u00e9s Gianelli Imbula, por los que el Oporto pag\u00f3 19 y 20 millones de euros, respectivamente, y bati\u00f3 r\u00e9cords en el f\u00fatbol de su pa\u00eds. Ning\u00fan otro compatriota de Jim\u00e9nez cost\u00f3 tanto a las arcas de un club.<\/p>\n<p>A pesar de ser suplente habitual el pasado curso, los pocos pero decisivos goles del delantero mexicano han convencido a los responsables del Benfica a rascarse el bolsillo y adquirir el otro 50 % del pase que a\u00fan pertenec\u00eda al Atl\u00e9tico de Madrid, equipo en el que <strong>Jim\u00e9nez<\/strong> jug\u00f3 en la 2014-2015 procedente del Am\u00e9rica.<\/p>\n<p style=\"text-align: center;\"><span style=\"color: #3366ff;\">LEER M\u00c1S:\u00a0<a style=\"color: #3366ff;\" href=\"http:\/\/www.futboltotal.com.mx\/2016\/07\/le-espera-a-guillermo-ochoa-en-granada\/\">\u00bfQu\u00e9 le espera a Guillermo Ochoa en el Granada?<\/a><\/span><\/p>\n<p>El actual campe\u00f3n portugu\u00e9s anunci\u00f3 hoy mismo la compra al Atl\u00e9tico del restante 50 % del pase del jugador por 12 millones de euros, montante que se uni\u00f3 a los 9,8 millones de euros ya desembolsados en el 2015 que equival\u00edan al 50 % del valor del delantero.<\/p>\n<blockquote><p>\u201cEl <strong>Benfica<\/strong>, en cumplimiento de lo dispuesto en el Art\u00edculo 248 del C\u00f3digo de Valores Mobiliarios, informa que adquiri\u00f3 el restante 50 por ciento de los derechos econ\u00f3micos del atleta <strong>Ra\u00fal Alonso Jim\u00e9nez Rodr\u00edguez<\/strong> que permanec\u00edan en poder del Club Atl\u00e9tico de Madrid, por el valor de 12 millones de euros. Se informa que el <strong>Benfica<\/strong> pasa a tener la totalidad de los derechos del atleta referido\u201d, emiti\u00f3 el club portugu\u00e9s en un comunicado.<\/p><\/blockquote>\n<p>Los 22 millones de euros que ha costado <strong>Jim\u00e9nez<\/strong> se consideran una cantidad exorbitante para la austera realidad de los clubes lusos.<\/p>\n<p style=\"text-align: center;\"><span style=\"color: #3366ff;\">LEER M\u00c1S:\u00a0<a style=\"color: #3366ff;\" href=\"http:\/\/www.futboltotal.com.mx\/2016\/07\/arsenal-recuerda-magia-carlos-vela\/\">Arsenal recuerda m\u00e1gico gol de Carlos Vela<\/a><\/span><\/p>\n<p>El propio <strong>Benfica<\/strong>, el club con m\u00e1s socios del pa\u00eds, tiene un presupuesto anual en torno a los 40 millones de euros, lejos de los montantes de los grandes europeos y de la inmensa mayor\u00eda de los clubes de la Liga inglesa.<\/p>\n<p>La segunda contrataci\u00f3n m\u00e1s cara en el club encarnado hab\u00eda sido la del medio Pizzi, precisamente comprado por el <strong>Benfica<\/strong> tambi\u00e9n a tramos a cambio de 14 millones en el 2016.<\/p>\n<p><strong>Ra\u00fal Jim\u00e9nez<\/strong>, ex del Am\u00e9rica de M\u00e9xico y del Atl\u00e9tico, particip\u00f3 en la \u00faltima temporada en 45 partidos con el <strong>Benfica<\/strong>, aunque la mayor\u00eda de suplente, y anot\u00f3 12 goles, varios de ellos decisivos para que el club encarnado se consagrase campe\u00f3n de Liga por tercera vez consecutiva.<\/p>\n<p><img decoding=\"async\" loading=\"lazy\" class=\"alignnone size-full wp-image-412325\" src=\"http:\/\/www.futboltotal.com.mx\/wp-content\/uploads\/2016\/07\/comunicado-benfica.jpg\" alt=\"comunicado-benfica\" srcset=\"http:\/\/desarrollo.grupomedios.com\/futbol\/wp-content\/uploads\/2016\/07\/comunicado-benfica.jpg 858w, http:\/\/desarrollo.grupomedios.com\/futbol\/wp-content\/uploads\/2016\/07\/comunicado-benfica-300x151.jpg 300w, http:\/\/desarrollo.grupomedios.com\/futbol\/wp-content\/uploads\/2016\/07\/comunicado-benfica-768x386.jpg 768w, http:\/\/desarrollo.grupomedios.com\/futbol\/wp-content\/uploads\/2016\/07\/comunicado-benfica-340x171.jpg 340w\" sizes=\"(max-width: 858px) 100vw, 858px\" \/><\/p>\n","protected":false},"excerpt":{"rendered":"<p>El Benfica super\u00f3 su r\u00e9cord en una transferencia<\/p>\n","protected":false},"author":20,"featured_media":412329,"comment_status":"closed","ping_status":"closed","sticky":false,"template":"","format":"standard","meta":[],"categories":[5,3839,6718],"tags":[4545,742],"_links":{"self":[{"href":"http:\/\/desarrollo.grupomedios.com\/futbol\/wp-json\/wp\/v2\/posts\/412315"}],"collection":[{"href":"http:\/\/desarrollo.grupomedios.com\/futbol\/wp-json\/wp\/v2\/posts"}],"about":[{"href":"http:\/\/desarrollo.grupomedios.com\/futbol\/wp-json\/wp\/v2\/types\/post"}],"author":[{"embeddable":true,"href":"http:\/\/desarrollo.grupomedios.com\/futbol\/wp-json\/wp\/v2\/users\/20"}],"replies":[{"embeddable":true,"href":"http:\/\/desarrollo.grupomedios.com\/futbol\/wp-json\/wp\/v2\/comments?post=412315"}],"version-history":[{"count":0,"href":"http:\/\/desarrollo.grupomedios.com\/futbol\/wp-json\/wp\/v2\/posts\/412315\/revisions"}],"wp:featuredmedia":[{"embeddable":true,"href":"http:\/\/desarrollo.grupomedios.com\/futbol\/wp-json\/wp\/v2\/media\/412329"}],"wp:attachment":[{"href":"http:\/\/desarrollo.grupomedios.com\/futbol\/wp-json\/wp\/v2\/media?parent=412315"}],"wp:term":[{"taxonomy":"category","embeddable":true,"href":"http:\/\/desarrollo.grupomedios.com\/futbol\/wp-json\/wp\/v2\/categories?post=412315"},{"taxonomy":"post_tag","embeddable":true,"href":"http:\/\/desarrollo.grupomedios.com\/futbol\/wp-json\/wp\/v2\/tags?post=412315"}],"curies":[{"name":"wp","href":"https:\/\/api.w.org\/{rel}","templated":true}]}}