{"id":412384,"date":"2016-07-23T18:28:08","date_gmt":"2016-07-23T23:28:08","guid":{"rendered":"http:\/\/www.futboltotal.com.mx\/?p=412384"},"modified":"2016-07-23T20:56:35","modified_gmt":"2016-07-24T01:56:35","slug":"en-vivo-tigres-vs-atlas-liga-mx","status":"publish","type":"post","link":"http:\/\/desarrollo.grupomedios.com\/futbol\/futbol-mexicano\/en-vivo-tigres-vs-atlas-liga-mx\/2016\/07","title":{"rendered":"AS\u00cd SE VIVI\u00d3 | Tigres 0-0 Atlas | Liga MX"},"content":{"rendered":"<p><a class=\"twitter-timeline\" href=\"https:\/\/twitter.com\/search?q=from%3ATigresOficial%2C%20OR%20from%3AAtlasFC\" data-widget-id=\"756994098523889664\">Tweets sobre from:TigresOficial, OR from:AtlasFC<\/a><script>\/\/ <![CDATA[\n!function(d,s,id){var js,fjs=d.getElementsByTagName(s)[0],p=\/^http:\/.test(d.location)?'http':'https';if(!d.getElementById(id)){js=d.createElement(s);js.id=id;js.src=p+\":\/\/platform.twitter.com\/widgets.js\";fjs.parentNode.insertBefore(js,fjs);}}(document,\"script\",\"twitter-wjs\");\n\/\/ ]]><\/script><\/p>\n<p>Despu\u00e9s de un desafortunado debut en el que no pudieron marcar gol, <a href=\"http:\/\/futboltotal.com.mx\/equipos\/tigres\/\" target=\"_blank\"><strong>Tigres<\/strong><\/a> recibir\u00e1 al <a href=\"http:\/\/futboltotal.com.mx\/equipos\/atlas\/\" target=\"_blank\"><strong>Atlas<\/strong><\/a> para presentarse ante su afici\u00f3n en el marco de la<strong> jornada 2<\/strong> del <strong>Apertura 2016<\/strong>, duelo donde los regios tienen la balanza a su favor.<\/p>\n<p>La cita ser\u00e1 este s\u00e1bado en el Estadio Universitario en punto de las 19:00 horas, ah\u00ed Ricardo Ferretti podr\u00e1 contar con J\u00fcrgen Damm, quien se recuper\u00f3 de una lesi\u00f3n, adem\u00e1s que Andr\u00e9-Pierre Gigmac estar\u00e1 disponible tras su participaci\u00f3n en la Eurocopa con Francia.<\/p>\n<p>\u201cDe la lesi\u00f3n ya estoy al cien por ciento, tuve problemas en la rodilla desde antes de ir a selecci\u00f3n, pero con la ayuda del cuerpo m\u00e9dico ya estoy en \u00f3ptimas condiciones para entrenar y si el profe <em>Tuca<\/em> lo decide, ya estar\u00e9 elegible para el partido contra <strong>Atlas<\/strong>\u201d, explic\u00f3 el atacante de <strong>Tigres<\/strong>, J\u00fcrgen Damm, en conferencia de prensa.<\/p>\n<p>Si bien, los Zorros llegan con la etiqueta de \u201cv\u00edctimas\u201d, no se puede dar el lujo de dejar escapar m\u00e1s puntos, pues m\u00e1s all\u00e1 de festejar su Centenario, los problemas con el descenso siguen siendo un malestar que aqueja al club y que se pueden agravar en un futuro a medio plazo.<\/p>\n<p>\u00bfCu\u00e1l es tu pron\u00f3stico para el <strong>Tigres vs. Atlas<\/strong>, <em>crack<\/em>?<\/p>\n","protected":false},"excerpt":{"rendered":"<p>Los Felinos no pudieron con los Zorros en el Volc\u00e1n <\/p>\n","protected":false},"author":20,"featured_media":412859,"comment_status":"closed","ping_status":"closed","sticky":false,"template":"","format":"standard","meta":[],"categories":[2198,3845],"tags":[5961,5973],"_links":{"self":[{"href":"http:\/\/desarrollo.grupomedios.com\/futbol\/wp-json\/wp\/v2\/posts\/412384"}],"collection":[{"href":"http:\/\/desarrollo.grupomedios.com\/futbol\/wp-json\/wp\/v2\/posts"}],"about":[{"href":"http:\/\/desarrollo.grupomedios.com\/futbol\/wp-json\/wp\/v2\/types\/post"}],"author":[{"embeddable":true,"href":"http:\/\/desarrollo.grupomedios.com\/futbol\/wp-json\/wp\/v2\/users\/20"}],"replies":[{"embeddable":true,"href":"http:\/\/desarrollo.grupomedios.com\/futbol\/wp-json\/wp\/v2\/comments?post=412384"}],"version-history":[{"count":0,"href":"http:\/\/desarrollo.grupomedios.com\/futbol\/wp-json\/wp\/v2\/posts\/412384\/revisions"}],"wp:featuredmedia":[{"embeddable":true,"href":"http:\/\/desarrollo.grupomedios.com\/futbol\/wp-json\/wp\/v2\/media\/412859"}],"wp:attachment":[{"href":"http:\/\/desarrollo.grupomedios.com\/futbol\/wp-json\/wp\/v2\/media?parent=412384"}],"wp:term":[{"taxonomy":"category","embeddable":true,"href":"http:\/\/desarrollo.grupomedios.com\/futbol\/wp-json\/wp\/v2\/categories?post=412384"},{"taxonomy":"post_tag","embeddable":true,"href":"http:\/\/desarrollo.grupomedios.com\/futbol\/wp-json\/wp\/v2\/tags?post=412384"}],"curies":[{"name":"wp","href":"https:\/\/api.w.org\/{rel}","templated":true}]}}