{"id":412397,"date":"2016-07-21T17:40:55","date_gmt":"2016-07-21T22:40:55","guid":{"rendered":"http:\/\/www.futboltotal.com.mx\/?p=412397"},"modified":"2016-07-22T11:17:25","modified_gmt":"2016-07-22T16:17:25","slug":"tri-olimpico-minimizara-a-rivales","status":"publish","type":"post","link":"http:\/\/desarrollo.grupomedios.com\/futbol\/futbol-mexicano\/tri-olimpico-minimizara-a-rivales\/2016\/07","title":{"rendered":"Tri Ol\u00edmpico no minimizar\u00e1 a rivales"},"content":{"rendered":"<p>El t\u00e9cnico del <a href=\"http:\/\/www.futboltotal.com.mx\/futbol-mexicano\/seleccion-mexicana\/\" target=\"_blank\"><strong>Tri Ol\u00edmpico<\/strong><\/a>, <strong>Ra\u00fal Guti\u00e9rrez<\/strong>, afirm\u00f3 que sus pupilos no pueden &#8220;minimizar a ninguno&#8221; de sus rivales en la fase de grupos de los R\u00edo de Janeiro, al aludir a los equipos de Alemania, Corea del Sur y Fiyi.<\/p>\n<p>&#8220;Abrir contra Alemania te da un marco dif\u00edcil un plus, pero tenemos responsabilidad con los dem\u00e1s rivales y no podemos minimizar a ninguno&#8221;, dijo a Guti\u00e9rrez a <em>EFE<\/em>.<\/p>\n<blockquote class=\"twitter-tweet\" data-lang=\"es\">\n<p dir=\"ltr\" lang=\"es\"><a href=\"https:\/\/twitter.com\/hashtag\/Ol%C3%ADmpica?src=hash\">#Ol\u00edmpica<\/a> Asistimos al Abanderamiento de las Delegaciones Mexicanas Rumbo a <a href=\"https:\/\/twitter.com\/rio2016_es\">@rio2016_es<\/a>.<\/p>\n<p>Aqu\u00ed los detalles <a href=\"https:\/\/t.co\/y3ffnT6PAe\">https:\/\/t.co\/y3ffnT6PAe<\/a><\/p>\n<p>\u2014 Selecci\u00f3n Nacional (@miseleccionmx) <a href=\"https:\/\/twitter.com\/miseleccionmx\/status\/756214409299582976\">21 de julio de 2016<\/a><\/p><\/blockquote>\n<p><script src=\"\/\/platform.twitter.com\/widgets.js\" async=\"\" charset=\"utf-8\"><\/script><br \/>\nEl entrenador que llev\u00f3 al <em>Tri<\/em> al t\u00edtulo Mundial Sub-17 en 2011, a\u00f1adi\u00f3 que en la cita ol\u00edmpica de R\u00edo de Janeiro las selecciones participantes tendr\u00e1n &#8220;las mismas posibilidades&#8221;.<\/p>\n<p><strong>M\u00e9xico<\/strong> conquist\u00f3 la medalla de oro en los <strong>Juegos Ol\u00edmpicos<\/strong> de Londres 2012 y busca repetir el logro en la ciudad brasile\u00f1a.<\/p>\n<p>&#8220;No podemos minimizar a ninguno, sentimos respeto por todos los rivales&#8221;, insisti\u00f3 el entrenador mexicano.<\/p>\n<p>&nbsp;<\/p>\n","protected":false},"excerpt":{"rendered":"<p>Potro Guti\u00e9rrez desestim\u00f3 exceso de confianza en el equipo<\/p>\n","protected":false},"author":144,"featured_media":412398,"comment_status":"closed","ping_status":"closed","sticky":false,"template":"","format":"standard","meta":[],"categories":[7269,2198,7186,7182,7188,3847],"tags":[5979,2377],"_links":{"self":[{"href":"http:\/\/desarrollo.grupomedios.com\/futbol\/wp-json\/wp\/v2\/posts\/412397"}],"collection":[{"href":"http:\/\/desarrollo.grupomedios.com\/futbol\/wp-json\/wp\/v2\/posts"}],"about":[{"href":"http:\/\/desarrollo.grupomedios.com\/futbol\/wp-json\/wp\/v2\/types\/post"}],"author":[{"embeddable":true,"href":"http:\/\/desarrollo.grupomedios.com\/futbol\/wp-json\/wp\/v2\/users\/144"}],"replies":[{"embeddable":true,"href":"http:\/\/desarrollo.grupomedios.com\/futbol\/wp-json\/wp\/v2\/comments?post=412397"}],"version-history":[{"count":0,"href":"http:\/\/desarrollo.grupomedios.com\/futbol\/wp-json\/wp\/v2\/posts\/412397\/revisions"}],"wp:featuredmedia":[{"embeddable":true,"href":"http:\/\/desarrollo.grupomedios.com\/futbol\/wp-json\/wp\/v2\/media\/412398"}],"wp:attachment":[{"href":"http:\/\/desarrollo.grupomedios.com\/futbol\/wp-json\/wp\/v2\/media?parent=412397"}],"wp:term":[{"taxonomy":"category","embeddable":true,"href":"http:\/\/desarrollo.grupomedios.com\/futbol\/wp-json\/wp\/v2\/categories?post=412397"},{"taxonomy":"post_tag","embeddable":true,"href":"http:\/\/desarrollo.grupomedios.com\/futbol\/wp-json\/wp\/v2\/tags?post=412397"}],"curies":[{"name":"wp","href":"https:\/\/api.w.org\/{rel}","templated":true}]}}