{"id":412413,"date":"2016-07-21T18:09:51","date_gmt":"2016-07-21T23:09:51","guid":{"rendered":"http:\/\/www.futboltotal.com.mx\/?p=412413"},"modified":"2016-07-22T11:18:41","modified_gmt":"2016-07-22T16:18:41","slug":"mexico-nueva-imagen-a-rio-2016","status":"publish","type":"post","link":"http:\/\/desarrollo.grupomedios.com\/futbol\/juegos-olimpicos-2016\/mexico-nueva-imagen-a-rio-2016\/2016\/07","title":{"rendered":"M\u00e9xico, por nueva imagen a R\u00edo 2016"},"content":{"rendered":"<p>El presidente de <strong>M\u00e9xico<\/strong>,<strong> Enrique Pe\u00f1a Nieto<\/strong>, afirm\u00f3 que la delegaci\u00f3n que participar\u00e1 en los <strong>Juegos Ol\u00edmpicos de R\u00edo<\/strong> de Janeiro proyectar\u00e1 una nueva imagen del pa\u00eds, que busca transformarse para generar oportunidades.<\/p>\n<p>&#8220;Ustedes estar\u00e1n proyectando al mundo la transformaci\u00f3n que M\u00e9xico est\u00e1 impulsando, no solo por un esfuerzo del Gobierno, sino de la sociedad que quiere una mejor naci\u00f3n y generar un pa\u00eds de mayores oportunidades para todos&#8221;, dijo mandatario al abanderar al equipo ol\u00edmpico en la Residencia de Los Pinos.<\/p>\n<blockquote class=\"twitter-tweet\" data-lang=\"es\">\n<p dir=\"ltr\" lang=\"es\"><a href=\"https:\/\/twitter.com\/hashtag\/Ol%C3%ADmpica?src=hash\">#Ol\u00edmpica<\/a> \u00a1Sonr\u00edan!  <a href=\"https:\/\/t.co\/Zp56fp03kB\">pic.twitter.com\/Zp56fp03kB<\/a><\/p>\n<p>\u2014 Selecci\u00f3n Nacional (@miseleccionmx) <a href=\"https:\/\/twitter.com\/miseleccionmx\/status\/756199326372601857\">21 de julio de 2016<\/a><\/p><\/blockquote>\n<p><script src=\"\/\/platform.twitter.com\/widgets.js\" async=\"\" charset=\"utf-8\"><\/script><\/p>\n<p><strong>Pe\u00f1a Nieto<\/strong>, quien practica la carrera de distancia larga, dijo conocer el esfuerzo que necesita un deportista para llegar a los <strong>Juegos Ol\u00edmpicos<\/strong> y elogi\u00f3 a los que se clasificaron para la cita de R\u00edo de Janeiro.<\/p>\n<p>&#8220;S\u00e9 lo que es mantener una constante disciplina en una preparaci\u00f3n de todos los d\u00edas con jornadas de varios meses para ser los mejores. Merecen el mayor aplauso y el reconocimiento del Presidente de la Rep\u00fablica y de todos los mexicanos&#8221;, dijo.<\/p>\n<p>El mandatario\u00a0entreg\u00f3 la ense\u00f1a nacional a la ciclista Daniela Campuzano, quien la portar\u00e1 el 5 de agosto en la ceremonia de inauguraci\u00f3n de los Ol\u00edmpicos, y a la nadadora Nely Miranda, abanderada del equipo Paral\u00edmpico.<\/p>\n<p><a href=\"http:\/\/www.futboltotal.com.mx\/wp-content\/uploads\/2016\/07\/abanderamiento-mexico-juegos-olimpicos-1.jpg\"><img decoding=\"async\" loading=\"lazy\" class=\"alignnone size-full wp-image-412418\" src=\"http:\/\/www.futboltotal.com.mx\/wp-content\/uploads\/2016\/07\/abanderamiento-mexico-juegos-olimpicos-1.jpg\" alt=\"abanderamiento-mexico-juegos-olimpicos-1\" srcset=\"http:\/\/desarrollo.grupomedios.com\/futbol\/wp-content\/uploads\/2016\/07\/abanderamiento-mexico-juegos-olimpicos-1.jpg 858w, http:\/\/desarrollo.grupomedios.com\/futbol\/wp-content\/uploads\/2016\/07\/abanderamiento-mexico-juegos-olimpicos-1-300x151.jpg 300w, http:\/\/desarrollo.grupomedios.com\/futbol\/wp-content\/uploads\/2016\/07\/abanderamiento-mexico-juegos-olimpicos-1-768x386.jpg 768w, http:\/\/desarrollo.grupomedios.com\/futbol\/wp-content\/uploads\/2016\/07\/abanderamiento-mexico-juegos-olimpicos-1-340x171.jpg 340w\" sizes=\"(max-width: 858px) 100vw, 858px\" \/><\/a><\/p>\n<p><strong>M\u00e9xico<\/strong> participar\u00e1 en los <strong>Juegos Ol\u00edmpicos<\/strong> con 124 deportista, entre ellos varios medallistas ol\u00edmpicos y mundiales.<\/p>\n<p>El objetivo es superar la cosecha de siete medallas, una de oro, tres de plata y tres de bronce de hace cuatro a\u00f1os en los Juegos Ol\u00edmpicos de Londres 2012.<\/p>\n<p>&nbsp;<\/p>\n<p>En <strong>Juegos<\/strong> <strong>Ol\u00edmpicos<\/strong>,<strong> M\u00e9xico<\/strong> suma 62 medallas, 13 de oro, 21 de plata y 23 de bronce. En Juegos Paral\u00edmpicos gan\u00f3 93 de oro, 88 de plata y 92 de bronce.<\/p>\n","protected":false},"excerpt":{"rendered":"<p>&#8220;Merecen el mayor aplauso y el reconocimiento del Presidente&#8221;, EPN<\/p>\n","protected":false},"author":144,"featured_media":412415,"comment_status":"closed","ping_status":"closed","sticky":false,"template":"","format":"standard","meta":[],"categories":[7182,7188],"tags":[1911,5664],"_links":{"self":[{"href":"http:\/\/desarrollo.grupomedios.com\/futbol\/wp-json\/wp\/v2\/posts\/412413"}],"collection":[{"href":"http:\/\/desarrollo.grupomedios.com\/futbol\/wp-json\/wp\/v2\/posts"}],"about":[{"href":"http:\/\/desarrollo.grupomedios.com\/futbol\/wp-json\/wp\/v2\/types\/post"}],"author":[{"embeddable":true,"href":"http:\/\/desarrollo.grupomedios.com\/futbol\/wp-json\/wp\/v2\/users\/144"}],"replies":[{"embeddable":true,"href":"http:\/\/desarrollo.grupomedios.com\/futbol\/wp-json\/wp\/v2\/comments?post=412413"}],"version-history":[{"count":0,"href":"http:\/\/desarrollo.grupomedios.com\/futbol\/wp-json\/wp\/v2\/posts\/412413\/revisions"}],"wp:featuredmedia":[{"embeddable":true,"href":"http:\/\/desarrollo.grupomedios.com\/futbol\/wp-json\/wp\/v2\/media\/412415"}],"wp:attachment":[{"href":"http:\/\/desarrollo.grupomedios.com\/futbol\/wp-json\/wp\/v2\/media?parent=412413"}],"wp:term":[{"taxonomy":"category","embeddable":true,"href":"http:\/\/desarrollo.grupomedios.com\/futbol\/wp-json\/wp\/v2\/categories?post=412413"},{"taxonomy":"post_tag","embeddable":true,"href":"http:\/\/desarrollo.grupomedios.com\/futbol\/wp-json\/wp\/v2\/tags?post=412413"}],"curies":[{"name":"wp","href":"https:\/\/api.w.org\/{rel}","templated":true}]}}