{"id":412429,"date":"2016-07-23T18:39:25","date_gmt":"2016-07-23T23:39:25","guid":{"rendered":"http:\/\/www.futboltotal.com.mx\/?p=412429"},"modified":"2016-07-23T21:52:13","modified_gmt":"2016-07-24T02:52:13","slug":"en-vivo-morelia-vs-queretaro-liga-mx","status":"publish","type":"post","link":"http:\/\/desarrollo.grupomedios.com\/futbol\/futbol-mexicano\/en-vivo-morelia-vs-queretaro-liga-mx\/2016\/07","title":{"rendered":"AS\u00cd SE VIVI\u00d3 | Morelia 2-2 Quer\u00e9taro | Liga MX"},"content":{"rendered":"<p><a class=\"twitter-timeline\" href=\"https:\/\/twitter.com\/search?q=from%3AFuerzaMonarca%2C%20OR%20from%3AClub_Queretaro\" data-widget-id=\"756996244724035585\">Tweets sobre from:FuerzaMonarca, OR from:Club_Queretaro<\/a><script>\/\/ <![CDATA[\n!function(d,s,id){var js,fjs=d.getElementsByTagName(s)[0],p=\/^http:\/.test(d.location)?'http':'https';if(!d.getElementById(id)){js=d.createElement(s);js.id=id;js.src=p+\":\/\/platform.twitter.com\/widgets.js\";fjs.parentNode.insertBefore(js,fjs);}}(document,\"script\",\"twitter-wjs\");\n\/\/ ]]><\/script><\/p>\n<p>Los problemas con el descenso no dejan de preocupar al <a href=\"http:\/\/futboltotal.com.mx\/equipos\/morelia\/\" target=\"_blank\"><strong>Morelia<\/strong><\/a>, por ello buscar\u00e1 vencer al <a href=\"http:\/\/futboltotal.com.mx\/equipos\/queretaro\/\" target=\"_blank\"><strong>Quer\u00e9taro<\/strong><\/a> en el marco de la<strong> jornada 2<\/strong> del <strong>Apertura 2016<\/strong>, donde se presentar\u00e1 ante su afici\u00f3n que espera ver el resurgir de su equipo.<\/p>\n<p>El Estadio Morelos se convertir\u00e1 en el escenario donde ambas escuadras se midan en punto de las 19:00 horas del s\u00e1bado, ah\u00ed Monarcas tendr\u00e1 que demostrar que aprendi\u00f3 de sus errores que cometi\u00f3\u00a0contra Xolos, pues en dicho duelo demostraron varias deficiencias.<\/p>\n<p>\u201cYo creo que no funcion\u00f3 correctamente mi equipo, cedimos la iniciativa, tuvimos pocas opciones de gol, por supuesto que una derrota con un rival tan directo tiene su problem\u00e1tica, no puedes jugar sin tener el bal\u00f3n y eso no falt\u00f3, pero tenemos que reponernos\u201d, explic\u00f3 el t\u00e9cnico del <strong>Morelia<\/strong>, Enrique Meza.<\/p>\n<p>Por su parte, <strong>Quer\u00e9taro<\/strong> intentar\u00e1 seguir en la senda del triunfo, gracias a un Emanuel Villa que dio tintes de seguir con la punter\u00eda fina. Adem\u00e1s, otra noticia que ilusiona a los seguidores de los Gallos Blancos, es que el brasile\u00f1o Camilo Sanvezzo ya est\u00e1 listo para sumar minutos y que promete una dupla letal con\u00a0<em>Tito\u00a0<\/em>en la Liga MX.<\/p>\n<p>\u00bfCu\u00e1l es tu pron\u00f3stico para el <strong>Morelia vs. Quer\u00e9taro<\/strong>, <em>crack<\/em>?<\/p>\n","protected":false},"excerpt":{"rendered":"<p>Gallos anota de \u00faltimo minuto y empata en el Morelos<\/p>\n","protected":false},"author":20,"featured_media":412863,"comment_status":"closed","ping_status":"closed","sticky":false,"template":"","format":"standard","meta":[],"categories":[2198,3845],"tags":[5967,5970],"_links":{"self":[{"href":"http:\/\/desarrollo.grupomedios.com\/futbol\/wp-json\/wp\/v2\/posts\/412429"}],"collection":[{"href":"http:\/\/desarrollo.grupomedios.com\/futbol\/wp-json\/wp\/v2\/posts"}],"about":[{"href":"http:\/\/desarrollo.grupomedios.com\/futbol\/wp-json\/wp\/v2\/types\/post"}],"author":[{"embeddable":true,"href":"http:\/\/desarrollo.grupomedios.com\/futbol\/wp-json\/wp\/v2\/users\/20"}],"replies":[{"embeddable":true,"href":"http:\/\/desarrollo.grupomedios.com\/futbol\/wp-json\/wp\/v2\/comments?post=412429"}],"version-history":[{"count":0,"href":"http:\/\/desarrollo.grupomedios.com\/futbol\/wp-json\/wp\/v2\/posts\/412429\/revisions"}],"wp:featuredmedia":[{"embeddable":true,"href":"http:\/\/desarrollo.grupomedios.com\/futbol\/wp-json\/wp\/v2\/media\/412863"}],"wp:attachment":[{"href":"http:\/\/desarrollo.grupomedios.com\/futbol\/wp-json\/wp\/v2\/media?parent=412429"}],"wp:term":[{"taxonomy":"category","embeddable":true,"href":"http:\/\/desarrollo.grupomedios.com\/futbol\/wp-json\/wp\/v2\/categories?post=412429"},{"taxonomy":"post_tag","embeddable":true,"href":"http:\/\/desarrollo.grupomedios.com\/futbol\/wp-json\/wp\/v2\/tags?post=412429"}],"curies":[{"name":"wp","href":"https:\/\/api.w.org\/{rel}","templated":true}]}}