{"id":412491,"date":"2016-07-22T12:31:28","date_gmt":"2016-07-22T17:31:28","guid":{"rendered":"http:\/\/www.futboltotal.com.mx\/?p=412491"},"modified":"2016-07-22T12:31:28","modified_gmt":"2016-07-22T17:31:28","slug":"transfieren-los-supuestos-terroristas-brasilenos-a-carcel-maxima-seguridad","status":"publish","type":"post","link":"http:\/\/desarrollo.grupomedios.com\/futbol\/juegos-olimpicos-2016\/transfieren-los-supuestos-terroristas-brasilenos-a-carcel-maxima-seguridad\/2016\/07","title":{"rendered":"Transfieren los supuestos terroristas brasile\u00f1os a c\u00e1rcel de m\u00e1xima seguridad"},"content":{"rendered":"<p>R\u00edo de Janeiro, 22 jul (EFE).- La <strong>Polic\u00eda Federal de Brasil<\/strong> transfiri\u00f3 este viernes\u00a0a una c\u00e1rcel de m\u00e1xima seguridad a los diez supuestos simpatizantes del <strong>Estado Isl\u00e1mico (EI)<\/strong> que fueron arrestados el jueves por presuntamente preparar un atentado durante los <strong>Juegos Ol\u00edmpicos<\/strong> de R\u00edo de Janeiro.<\/p>\n<p>Los detenidos, todos ellos brasile\u00f1os, fueron enviados a la Penitenciaria Federal de Seguridad M\u00e1xima de Campo Grande, capital de Mato Grosso do Sul (suroeste), seg\u00fan inform\u00f3 la <strong>Polic\u00eda<\/strong>.<\/p>\n<p>La Polic\u00eda arrest\u00f3 a los sospechosos el jueves, por orden judicial, en una operaci\u00f3n desarrollada de forma simult\u00e1nea en diez estados del pa\u00eds este jueves.<\/p>\n<p>&nbsp;<\/p>\n<blockquote class=\"twitter-tweet\" data-lang=\"en\">\n<p dir=\"ltr\" lang=\"es\"><a href=\"https:\/\/twitter.com\/hashtag\/%C3%9AltimoMinuto?src=hash\">#\u00daltimoMinuto<\/a> Polic\u00eda brasile\u00f1a captura a terroristas que planeaban atentado en R\u00edo 2016. <a href=\"https:\/\/twitter.com\/hashtag\/MomentsMX?src=hash\">#MomentsMX<\/a>\u26a1\ufe0f<a href=\"https:\/\/t.co\/7siwbKAClK\">https:\/\/t.co\/7siwbKAClK<\/a><\/p>\n<p>\u2014 Moments M\u00e9xico (@momentsmexico) <a href=\"https:\/\/twitter.com\/momentsmexico\/status\/756138966353645568\">July 21, 2016<\/a><\/p><\/blockquote>\n<p><script src=\"\/\/platform.twitter.com\/widgets.js\" async=\"\" charset=\"utf-8\"><\/script><\/p>\n<p>&nbsp;<\/p>\n<p>&nbsp;<\/p>\n<p>Seg\u00fan las investigaciones, los sospechosos integraban una c\u00e9lula aficionada y desorganizada que solo mantuvo contactos a trav\u00e9s de servicios de mensajer\u00eda por internet.<\/p>\n<p>El grupo intercambiaba mensajes de apolog\u00eda del terrorismo, en los que se ensalzaban los atentados ocurridos en los \u00faltimos meses en <strong>Europa<\/strong>, y en los que sus integrantes planeaban la compra de armas con la supuesta intenci\u00f3n de realizar un atentado durante los <strong>Juegos Ol\u00edmpicos<\/strong> del pr\u00f3ximo agosto.<\/p>\n<p>El ministro de Justicia, Alexandre de Moraes, inform\u00f3 que algunos de los detenidos juraron lealtad al Estado Isl\u00e1mico mediante un ritual previsto en internet, pero que al parecer ninguno tuvo contactos directos con esa organizaci\u00f3n.<\/p>\n<p>La<strong> ley antiterrorista de Brasil<\/strong>, aprobada el a\u00f1o pasado, prev\u00e9 condenas de entre cinco y ocho a\u00f1os de c\u00e1rcel por el enaltecimiento del terrorismo y la preparaci\u00f3n de actos terroristas est\u00e1 penada con condenas de entre tres a quince a\u00f1os de reclusi\u00f3n.<\/p>\n<p>La prisi\u00f3n preventiva en casos de sospecha de terrorismo es de 30 d\u00edas, prorrogables otros 30 d\u00edas. EFE<\/p>\n","protected":false},"excerpt":{"rendered":"<p>Los 10 supuestos simpatizantes del EI ya fueron remitidos <\/p>\n","protected":false},"author":144,"featured_media":412493,"comment_status":"closed","ping_status":"closed","sticky":false,"template":"","format":"standard","meta":[],"categories":[7182,7188,7189],"tags":[1911,5664],"_links":{"self":[{"href":"http:\/\/desarrollo.grupomedios.com\/futbol\/wp-json\/wp\/v2\/posts\/412491"}],"collection":[{"href":"http:\/\/desarrollo.grupomedios.com\/futbol\/wp-json\/wp\/v2\/posts"}],"about":[{"href":"http:\/\/desarrollo.grupomedios.com\/futbol\/wp-json\/wp\/v2\/types\/post"}],"author":[{"embeddable":true,"href":"http:\/\/desarrollo.grupomedios.com\/futbol\/wp-json\/wp\/v2\/users\/144"}],"replies":[{"embeddable":true,"href":"http:\/\/desarrollo.grupomedios.com\/futbol\/wp-json\/wp\/v2\/comments?post=412491"}],"version-history":[{"count":0,"href":"http:\/\/desarrollo.grupomedios.com\/futbol\/wp-json\/wp\/v2\/posts\/412491\/revisions"}],"wp:featuredmedia":[{"embeddable":true,"href":"http:\/\/desarrollo.grupomedios.com\/futbol\/wp-json\/wp\/v2\/media\/412493"}],"wp:attachment":[{"href":"http:\/\/desarrollo.grupomedios.com\/futbol\/wp-json\/wp\/v2\/media?parent=412491"}],"wp:term":[{"taxonomy":"category","embeddable":true,"href":"http:\/\/desarrollo.grupomedios.com\/futbol\/wp-json\/wp\/v2\/categories?post=412491"},{"taxonomy":"post_tag","embeddable":true,"href":"http:\/\/desarrollo.grupomedios.com\/futbol\/wp-json\/wp\/v2\/tags?post=412491"}],"curies":[{"name":"wp","href":"https:\/\/api.w.org\/{rel}","templated":true}]}}